{"id":15222,"date":"2023-07-27T19:30:13","date_gmt":"2023-07-27T17:30:13","guid":{"rendered":"https:\/\/woodandfirestudio.com\/?p=15222"},"modified":"2023-10-22T08:02:55","modified_gmt":"2023-10-22T06:02:55","slug":"verminderte-akkorde","status":"publish","type":"post","link":"https:\/\/woodandfirestudio.com\/es\/verminderte-akkorde\/","title":{"rendered":"Acordes disminuidos: Como construirlos y usarlos para crear tensi\u00f3n en tus canciones"},"content":{"rendered":"<p class=\"translation-block\">En la m\u00fasica, la mayor\u00eda de los acordes son arm\u00f3nicos y consonantes, tanto los mayores como los <a href=\"https:\/\/woodandfirestudio.com\/es\/moll-akkorde\/\" target=\"_self\">menores<\/a>. De vez en cuando, sin embargo, viene bien un poco de emoci\u00f3n y drama - y los acordes disminuidos son justo lo que necesitas. Porque suenan disonantes y tensos y transmiten sensaciones de inquietud y ansiedad.<\/p>\n\n\n\n<p class=\"translation-block\">A la larga resulta aburrido utilizar siempre acordes consonantes \"bonitos\" para componer, pero es una forma f\u00e1cil y familiar. Los <a href=\"https:\/\/woodandfirestudio.com\/es\/akkorde-lernen\/\" target=\"_self\"> acordes<\/a> disminuidos son un poco m\u00e1s dif\u00edciles de incorporar a una cadencia, pero son una forma estupenda de variar el esquema est\u00e1ndar de las progresiones de acordes y aportar variedad y diversidad a tus composiciones.<\/p>\n\n\n\n<p class=\"translation-block\">Porque los acordes disminuidos suenan muy diferente a los acordes menores o <a href=\"https:\/\/woodandfirestudio.com\/es\/dur-akkorde\/\" target=\"_self\">mayores<\/a> y dan a la m\u00fasica un timbre y un estado de \u00e1nimo muy diferentes.<\/p>\n\n\n\n<h3 class=\"wp-block-heading\">\u00bfQu\u00e9 son los acordes disminuidos?<\/h3>\n\n\n\n<p class=\"translation-block\">Un acorde disminuido es un acorde formado por tres notas separadas por una tercera menor. Esto significa que las notas del acorde disminuido est\u00e1n separadas por tres semitonos. Esto crea un intervalo de <a href=\"https:\/\/woodandfirestudio.com\/es\/tritonus\/\" target=\"_self\">tritono<\/a> (6 semitonos) entre la nota fundamental y la m\u00e1s aguda, un tipo de intervalo muy especial que suena especialmente disonante.<\/p>\n\n\n\n<p>Los acordes disminuidos se utilizan a menudo en el jazz y el rock para crear un sonido disonante y emocionante. Esto se debe principalmente a que este acorde no tiene una quinta perfecta, sino una quinta disminuida (tritono).<\/p>\n\n\n\n<figure class=\"wp-block-image size-large\"><img fetchpriority=\"high\" decoding=\"async\" width=\"1024\" height=\"755\" src=\"https:\/\/woodandfirestudio.com\/wp-content\/uploads\/2023\/07\/intervaldimES.jpg\" alt=\"Estos son los intervalos de un acorde disminuido\" class=\"wp-image-15609\" title=\"\" srcset=\"https:\/\/woodandfirestudio.com\/wp-content\/uploads\/2023\/07\/intervaldimES.jpg 1500w, https:\/\/woodandfirestudio.com\/wp-content\/uploads\/2023\/07\/intervaldimES-300x221.jpg 300w, https:\/\/woodandfirestudio.com\/wp-content\/uploads\/2023\/07\/intervaldimES-1024x754.jpg 1024w, https:\/\/woodandfirestudio.com\/wp-content\/uploads\/2023\/07\/intervaldimES-768x566.jpg 768w, https:\/\/woodandfirestudio.com\/wp-content\/uploads\/2023\/07\/intervaldimES-16x12.jpg 16w, https:\/\/woodandfirestudio.com\/wp-content\/uploads\/2023\/07\/intervaldimES-1000x737.jpg 1000w\" sizes=\"(max-width: 1024px) 100vw, 1024px\" \/><figcaption class=\"wp-element-caption\"><em>Estos son los intervalos de un acorde disminuido<\/em><\/figcaption><\/figure>\n\n\n\n<p class=\"translation-block\">Estos acordes disonantes crean un \"conflicto\" musical que refuerza la necesidad de resolverlo con un acorde no disonante. Esto intensifica el efecto de resoluci\u00f3n al regresar a la t\u00f3nica y la <a href=\"https:\/\/woodandfirestudio.com\/es\/kadenz-musik\/\" target=\"_self\">cadencia<\/a> tiene un impacto m\u00e1s fuerte.<\/p>\n\n\n\n<h4 class=\"wp-block-heading\">Los acordes disminuidos se utilizan a menudo en la m\u00fasica de cine<\/h4>\n\n\n\n<p>Los acordes disminuidos tienen un sonido muy caracter\u00edstico, lleno de suspense, que a menudo se percibe como \"misterioso\", \"amenazador\" o \"espeluznante\". Por eso son ideales para la m\u00fasica de cine, donde suelen utilizarse para evocar sensaciones de miedo y tensi\u00f3n en el p\u00fablico.<\/p>\n\n\n\n<figure class=\"wp-block-embed is-type-video is-provider-youtube wp-block-embed-youtube wp-embed-aspect-4-3 wp-has-aspect-ratio\"><div class=\"wp-block-embed__wrapper\">\n<div class=\"BorlabsCookie _brlbs-cb-youtube\"><div class=\"_brlbs-content-blocker\"> <div class=\"_brlbs-embed _brlbs-video-youtube\"> <img decoding=\"async\" class=\"_brlbs-thumbnail\" src=\"https:\/\/woodandfirestudio.com\/wp-content\/plugins\/borlabs-cookie\/assets\/images\/cb-no-thumbnail.png\" alt=\"YouTube\" title=\"\"> <div class=\"_brlbs-caption\"> <p>Al cargar el v\u00eddeo, aceptas la pol\u00edtica de privacidad de YouTube.<br><a href=\"https:\/\/policies.google.com\/privacy\" target=\"_blank\" rel=\"nofollow noopener noreferrer\">M\u00e1s informaci\u00f3n<\/a><\/p> <p><a class=\"_brlbs-btn _brlbs-icon-play-white\" href=\"#\" data-borlabs-cookie-unblock role=\"button\">Cargar v\u00eddeo<\/a><\/p> <p><label><input type=\"checkbox\" name=\"unblockAll\" value=\"1\" checked> <small>Desbloquear siempre YouTube<\/small><\/label><\/p> <\/div> <\/div> <\/div><div class=\"borlabs-hide\" data-borlabs-cookie-type=\"content-blocker\" data-borlabs-cookie-id=\"youtube\"><script type=\"text\/template\">PGlmcmFtZSB0aXRsZT0iRHVkbGV5IERvLVJpZ2h0IEludHJvIiB3aWR0aD0iODAwIiBoZWlnaHQ9IjYwMCIgc3JjPSJodHRwczovL3d3dy55b3V0dWJlLW5vY29va2llLmNvbS9lbWJlZC9OcGZpMFVaTDJvdz9zdGFydD0xNSZmZWF0dXJlPW9lbWJlZCIgZnJhbWVib3JkZXI9IjAiIGFsbG93PSJhY2NlbGVyb21ldGVyOyBhdXRvcGxheTsgY2xpcGJvYXJkLXdyaXRlOyBlbmNyeXB0ZWQtbWVkaWE7IGd5cm9zY29wZTsgcGljdHVyZS1pbi1waWN0dXJlOyB3ZWItc2hhcmUiIGFsbG93ZnVsbHNjcmVlbj48L2lmcmFtZT4=<\/script><\/div><\/div>\n<\/div><figcaption class=\"wp-element-caption\"><em>La melod\u00eda de introducci\u00f3n de la pel\u00edcula de animaci\u00f3n \"Dudley Do-Right\" lo muestra muy claramente: a partir del segundo 10, la melod\u00eda cambia de acordes mayores a acordes disminuidos para enfatizar la situaci\u00f3n de estr\u00e9s<\/em><\/figcaption><\/figure>\n\n\n\n<p>Por ejemplo, si un compositor quiere subrayar una escena con tensi\u00f3n, misterio o incluso horror, puede utilizar un acorde disminuido para crear estos sentimientos. Al mismo tiempo, el acorde disminuido tambi\u00e9n puede utilizarse para se\u00f1alar una transici\u00f3n a otra escena o estado de \u00e1nimo, ya que la tensi\u00f3n que contiene suele resolverse en otro acorde m\u00e1s estable.<\/p>\n\n\n\n<h3 class=\"wp-block-heading\">C\u00f3mo formar acordes disminuidos<\/h3>\n\n\n\n<p>Un acorde disminuido se forma apilando dos o tres terceras menores a partir de una fundamental. Estos son los pasos para formarlos:<\/p>\n\n\n\n<ol class=\"wp-block-list\">\n<li>Elija una nota fundamental. Este tono forma la base de tu acorde.<\/li>\n\n\n\n<li class=\"translation-block\">A\u00f1ade una tercera menor. Una tercera menor es un <a href=\"https:\/\/woodandfirestudio.com\/es\/intervalle-musik\/\" target=\"_self\">intervalo<\/a> que est\u00e1 tres semitonos (o un tono y medio entero) por encima de la fundamental. Por ejemplo, si tu fundamental es Do, la tercera menor ser\u00eda Mi bemol.<\/li>\n\n\n\n<li>A\u00f1ade una quinta disminuida (tritono). Una quinta disminuida est\u00e1 seis semitonos (o tres tonos enteros) por encima de la fundamental. En el caso de nuestro acorde de Do, la quinta disminuida ser\u00eda Sol\u266d.<\/li>\n<\/ol>\n\n\n\n<div style=\"height:17px\" aria-hidden=\"true\" class=\"wp-block-spacer\"><\/div>\n\n\n\n<p>Estas tres notas juntas forman un acorde disminuido (Do\u00b0: Do-Mi\u266d-Sol\u266d) que tiene este aspecto:<\/p>\n\n\n\n<figure class=\"wp-block-image size-full\"><img decoding=\"async\" width=\"497\" height=\"256\" src=\"https:\/\/woodandfirestudio.com\/wp-content\/uploads\/2023\/07\/diminisheed.jpg\" alt=\"C disminuido, tambi\u00e9n escrito como Co\" class=\"wp-image-15599\" title=\"\" srcset=\"https:\/\/woodandfirestudio.com\/wp-content\/uploads\/2023\/07\/diminisheed.jpg 497w, https:\/\/woodandfirestudio.com\/wp-content\/uploads\/2023\/07\/diminisheed-300x155.jpg 300w, https:\/\/woodandfirestudio.com\/wp-content\/uploads\/2023\/07\/diminisheed-18x9.jpg 18w\" sizes=\"(max-width: 497px) 100vw, 497px\" \/><\/figure>\n\n\n\n<figure class=\"wp-block-audio\"><audio controls src=\"https:\/\/woodandfirestudio.com\/wp-content\/uploads\/2023\/07\/mp35.mp3\"><\/audio><figcaption class=\"wp-element-caption\"><em>Do disminuido, tambi\u00e9n escrito como Do<sup>o<\/sup><\/em><\/figcaption><\/figure>\n\n\n\n<h3 class=\"wp-block-heading\">Diferentes tipos de acordes disminuidos<\/h3>\n\n\n\n<p>Como ocurre con todos los dem\u00e1s tipos de acordes, los acordes disminuidos pueden hacerse arm\u00f3nicamente m\u00e1s interesantes a\u00f1adiendo una cuarta nota. Existen los siguientes tipos de acordes disminuidos:<\/p>\n\n\n\n<figure class=\"wp-block-image size-full\"><img decoding=\"async\" width=\"545\" height=\"233\" src=\"https:\/\/woodandfirestudio.com\/wp-content\/uploads\/2023\/07\/Vollvermind.jpg\" alt=\"Acorde de s\u00e9ptima disminuida\" class=\"wp-image-15613\" title=\"\" srcset=\"https:\/\/woodandfirestudio.com\/wp-content\/uploads\/2023\/07\/Vollvermind.jpg 545w, https:\/\/woodandfirestudio.com\/wp-content\/uploads\/2023\/07\/Vollvermind-300x128.jpg 300w, https:\/\/woodandfirestudio.com\/wp-content\/uploads\/2023\/07\/Vollvermind-18x8.jpg 18w\" sizes=\"(max-width: 545px) 100vw, 545px\" \/><\/figure>\n\n\n\n<p class=\"translation-block\"><strong>Acordes de s\u00e9ptima disminuida (1, \u266d3, \u266d5, \u266d\u266d7):<\/strong> Consiste en una tr\u00edada disminuida + la s\u00e9ptima disminuida. Para Do<sup>o7<\/sup>, ser\u00edan las notas Do, Mi\u266d, Sol\u266d y Si\u266d\u266d (que en la pr\u00e1ctica es lo mismo que La). Este tipo de acorde es muy especial porque todas las notas est\u00e1n apiladas a intervalos de una tercera menor.<\/p>\n\n\n\n<div style=\"height:33px\" aria-hidden=\"true\" class=\"wp-block-spacer\"><\/div>\n\n\n\n<figure class=\"wp-block-image size-full\"><img loading=\"lazy\" decoding=\"async\" width=\"492\" height=\"230\" src=\"https:\/\/woodandfirestudio.com\/wp-content\/uploads\/2023\/07\/Halbvermind.jpg\" alt=\"Acorde de s\u00e9ptima semidisminuido\" class=\"wp-image-15614\" title=\"\" srcset=\"https:\/\/woodandfirestudio.com\/wp-content\/uploads\/2023\/07\/Halbvermind.jpg 492w, https:\/\/woodandfirestudio.com\/wp-content\/uploads\/2023\/07\/Halbvermind-300x140.jpg 300w, https:\/\/woodandfirestudio.com\/wp-content\/uploads\/2023\/07\/Halbvermind-18x8.jpg 18w\" sizes=\"(max-width: 492px) 100vw, 492px\" \/><\/figure>\n\n\n\n<p class=\"translation-block\"><strong>Acordes semidisminuidos (1, \u266d3, \u266d5, \u266d7):<\/strong> Consiste en una tr\u00edada disminuida + la s\u00e9ptima menor. Para Do<sup>\u00f87<\/sup> ser\u00edan las notas Do, Mi\u266d, Sol\u266d y Si\u266d. Este tipo de acorde disminuido suena muy inestable.<\/p>\n\n\n\n<h3 class=\"wp-block-heading\">C\u00f3mo utilizar acordes disminuidos en tus composiciones<\/h3>\n\n\n\n<p>Los acordes disminuidos no se utilizan en las composiciones con tanta frecuencia como los acordes mayores o menores, pero cuando se emplean, su efecto es enorme.<\/p>\n\n\n\n<h4 class=\"wp-block-heading\">El grado disminuido en la escala mayor<\/h4>\n\n\n\n<p class=\"translation-block\">Como muestra el <a href=\"https:\/\/woodandfirestudio.com\/es\/quintenzirkel-erklaerung\/\" target=\"_self\">c\u00edrculo de quintas<\/a>, el grado disminuido se encuentra en la posici\u00f3n 7\u00aa de una escala mayor. Se trata de un acorde de s\u00e9ptima semidisminuido y tiene la funci\u00f3n de sensible, es decir, un acorde que crea la expectativa de una resoluci\u00f3n a una nota objetivo un semitono m\u00e1s alta o m\u00e1s baja. En la tonalidad mayor, la t\u00f3nica es el acorde de resoluci\u00f3n, y este se encuentra un semitono por encima del acorde de s\u00e9ptima semidisminuida.<\/p>\n\n\n\n<p>Mucho m\u00e1s interesante es el uso de acordes disminuidos como sustituto de la dominante (V), ya que en su mayor parte consta de las mismas notas. Si nos fijamos en la tonalidad de Do mayor, esto queda claro:<\/p>\n\n\n\n<ul class=\"wp-block-list\">\n<li>El dominante es el grado V, es decir, un G<sup>7<\/sup>. Se compone de las notas sol, si, re y fa. <\/li>\n\n\n\n<li>El acorde sensible es el VII grado semidisminuido, es decir, un Si<sup>\u00f87<\/sup>. Se compone de las notas Si, Re, Fa y La.<\/li>\n<\/ul>\n\n\n\n<div style=\"height:14px\" aria-hidden=\"true\" class=\"wp-block-spacer\"><\/div>\n\n\n\n<figure class=\"wp-block-image size-large\"><a href=\"https:\/\/woodandfirestudio.com\/wp-content\/uploads\/2023\/07\/ersatzdom-1.jpg\"><img loading=\"lazy\" decoding=\"async\" width=\"1024\" height=\"399\" src=\"https:\/\/woodandfirestudio.com\/wp-content\/uploads\/2023\/07\/endom.jpg\" alt=\"Como puede ver, en la progresi\u00f3n de acordes superior puede sustituir la dominante (G7) por el tono principal (H\u00f87) y obtener la progresi\u00f3n de acordes inferior. Las notas de la dominante y del tono principal son id\u00e9nticas excepto una.\" class=\"wp-image-15621\" title=\"\" srcset=\"https:\/\/woodandfirestudio.com\/wp-content\/uploads\/2023\/07\/endom.jpg 1500w, https:\/\/woodandfirestudio.com\/wp-content\/uploads\/2023\/07\/endom-300x117.jpg 300w, https:\/\/woodandfirestudio.com\/wp-content\/uploads\/2023\/07\/endom-1024x399.jpg 1024w, https:\/\/woodandfirestudio.com\/wp-content\/uploads\/2023\/07\/endom-768x300.jpg 768w, https:\/\/woodandfirestudio.com\/wp-content\/uploads\/2023\/07\/endom-18x7.jpg 18w, https:\/\/woodandfirestudio.com\/wp-content\/uploads\/2023\/07\/endom-1000x390.jpg 1000w\" sizes=\"(max-width: 1024px) 100vw, 1024px\" \/><\/a><figcaption class=\"wp-element-caption translation-block\"><em>Como puedes ver, en la progresi\u00f3n de acordes superior puedes sustituir la dominante (Sol<sup>7<\/sup>) por el acorde de tono principal (Si<sup>\u00f87<\/sup>) y obtener la progresi\u00f3n de acordes inferior. Las notas de la dominante y del acorde de la sensible son id\u00e9nticas, excepto una.<\/em><\/figcaption><\/figure>\n\n\n\n<p class=\"translation-block\">Como puedes ver, las notas si, re y fa aparecen en ambos acordes, de modo que el paso V<sup>7<\/sup> puede muy bien sustituirse por el paso vii<sup>\u00f87<\/sup>. Contienen las mismas notas, pero el grado disminuido tiene un La en lugar de un Sol.<\/p>\n\n\n\n<p>Esto crea un efecto muy inesperado y refuerza a\u00fan m\u00e1s el efecto de resoluci\u00f3n de la t\u00f3nica porque el acorde que la precede suena muy inestable. Esto hace que la m\u00fasica suene m\u00e1s emocionante y variada que si siempre se usa la dominante.<\/p>\n\n\n\n<p class=\"translation-block\">Por ejemplo: Si tengo la progresi\u00f3n de acordes Do mayor, Fa mayor, Sol mayor (I-IV-V), la sustituir\u00eda por Do mayor, Fa mayor, Si<sup>\u00f87<\/sup> (I-IV-vii<sup>\u00f87<\/sup>).<\/p>\n\n\n\n<h4 class=\"wp-block-heading\">El grado disminuido en la escala menor<\/h4>\n\n\n\n<p class=\"translation-block\">En la escala menor, el acorde disminuido est\u00e1 en el segundo grado. Como acorde, es un acorde de s\u00e9ptima disminuida. Si estamos en la tonalidad de La menor, ser\u00eda un acorde de Si<sup>o7<\/sup> (Si, Re, Fa, La bemol).<\/p>\n\n\n\n<p>Los acordes disminuidos tambi\u00e9n pueden utilizarse para crear una transici\u00f3n suave entre dos acordes que no est\u00e1n directamente relacionados. Pueden servir como acordes de paso entre otros dos acordes para crear un puente y mantener la armon\u00eda fluida.<\/p>\n\n\n\n<h3 class=\"wp-block-heading\">Conclusi\u00f3n<\/h3>\n\n\n\n<p>Como puedes ver, merece la pena estudiar y aprender acordes disminuidos. Puedes mejorar enormemente tus propias composiciones y hacer que suenen m\u00e1s profesionales construyendo y resolviendo a\u00fan m\u00e1s tensi\u00f3n con estos acordes.<\/p>","protected":false},"excerpt":{"rendered":"<p>Todo m\u00fasico conoce los acordes mayores o menores -los acordes \"bonitos\"-, pero \u00bfhas o\u00eddo hablar alguna vez de los acordes disminuidos? Como suenan tan poco familiares y son un poco m\u00e1s dif\u00edciles de tocar, muchos m\u00fasicos los descuidan, lo cual es una pena, porque son muy potentes.<\/p>","protected":false},"author":1,"featured_media":15605,"comment_status":"closed","ping_status":"closed","sticky":false,"template":"","format":"standard","meta":{"ub_ctt_via":"","footnotes":""},"categories":[73],"tags":[],"class_list":["post-15222","post","type-post","status-publish","format-standard","has-post-thumbnail","hentry","category-musiktheorie"],"featured_image_src":"https:\/\/woodandfirestudio.com\/wp-content\/uploads\/2023\/07\/verminderteakkorde.jpg","author_info":{"display_name":"Eloy Caudet","author_link":"https:\/\/woodandfirestudio.com\/es\/author\/ecaudetg\/"},"_links":{"self":[{"href":"https:\/\/woodandfirestudio.com\/es\/wp-json\/wp\/v2\/posts\/15222","targetHints":{"allow":["GET"]}}],"collection":[{"href":"https:\/\/woodandfirestudio.com\/es\/wp-json\/wp\/v2\/posts"}],"about":[{"href":"https:\/\/woodandfirestudio.com\/es\/wp-json\/wp\/v2\/types\/post"}],"author":[{"embeddable":true,"href":"https:\/\/woodandfirestudio.com\/es\/wp-json\/wp\/v2\/users\/1"}],"replies":[{"embeddable":true,"href":"https:\/\/woodandfirestudio.com\/es\/wp-json\/wp\/v2\/comments?post=15222"}],"version-history":[{"count":0,"href":"https:\/\/woodandfirestudio.com\/es\/wp-json\/wp\/v2\/posts\/15222\/revisions"}],"wp:featuredmedia":[{"embeddable":true,"href":"https:\/\/woodandfirestudio.com\/es\/wp-json\/wp\/v2\/media\/15605"}],"wp:attachment":[{"href":"https:\/\/woodandfirestudio.com\/es\/wp-json\/wp\/v2\/media?parent=15222"}],"wp:term":[{"taxonomy":"category","embeddable":true,"href":"https:\/\/woodandfirestudio.com\/es\/wp-json\/wp\/v2\/categories?post=15222"},{"taxonomy":"post_tag","embeddable":true,"href":"https:\/\/woodandfirestudio.com\/es\/wp-json\/wp\/v2\/tags?post=15222"}],"curies":[{"name":"wp","href":"https:\/\/api.w.org\/{rel}","templated":true}]}}