{"id":11512,"date":"2023-02-08T17:04:03","date_gmt":"2023-02-08T15:04:03","guid":{"rendered":"https:\/\/woodandfirestudio.com\/?p=11512"},"modified":"2023-10-22T08:31:45","modified_gmt":"2023-10-22T06:31:45","slug":"studio-tisch-selber-bauen","status":"publish","type":"post","link":"https:\/\/woodandfirestudio.com\/pt\/studio-tisch-selber-bauen\/","title":{"rendered":"Construa a sua pr\u00f3pria mesa de est\u00fadio por menos de 300 euros - esta \u00e9 a forma de o fazer com pe\u00e7as IKEA baratas"},"content":{"rendered":"<p>Todos sabemos como as mesas de est\u00fadio s\u00e3o bonitas, mas tamb\u00e9m como algumas podem ser caras. Modelos grandes que oferecem espa\u00e7o suficiente para ecr\u00e3s e altifalantes come\u00e7am em 2000 euros - \u00e9 por isso que muitos produtores decidem construir a sua pr\u00f3pria mesa. <\/p>\n\n\n\n<p>Para al\u00e9m da enorme economia de custos, flexibilidade e adaptabilidade tamb\u00e9m desempenham um papel importante: qualquer pessoa que constr\u00f3i ou monta a sua pr\u00f3pria mesa pode adapt\u00e1-la a 100% \u00e0s suas necessidades pessoais.<\/p>\n\n\n\n<p>Assim, a minha mesa custou apenas cerca de 270 euros no total - mas \u00e9 suficientemente grande para que 2 pessoas trabalhem nela ao mesmo tempo. Com marcas bem conhecidas, tal mesa teria facilmente custado dez vezes mais.<\/p>\n\n\n\n<p>Neste guia passo a passo, explicarei como planeei e constru\u00ed a minha mesa de est\u00fadio para que possa fazer o mesmo por si pr\u00f3prio.<\/p>\n\n\n\n<p class=\"translation-block\">Se o seu or\u00e7amento for maior e estiver \u00e0 procura de uma mesa mais elegante e acabada para a sua instala\u00e7\u00e3o, deve consultar o meu artigo em <a href=\"https:\/\/woodandfirestudio.com\/pt\/beste-studiotische\/\" target=\"_self\">as melhores mesas de est\u00fadio para produtores musicais<\/a>. Comparo os modelos mais populares no mercado de 200 euros a 2500 euros.<\/p>\n\n\n\n<h3 class=\"wp-block-heading\">Etapa 1: Planeamento<\/h3>\n\n\n\n<p>Antes de mais, \u00e9 sempre importante pensar cuidadosamente sobre o que precisa e como visualizar a sua secret\u00e1ria de est\u00fadio ideal. Dependendo da quantidade de hardware que possui, necessita de mais ou menos espa\u00e7o.<\/p>\n\n\n\n<p class=\"translation-block\">No meu caso, precisava de muito espa\u00e7o, porque para al\u00e9m do meu <a href=\"https:\/\/woodandfirestudio.com\/pt\/best-midi-keyboard-controller\/\" target=\"_self\">MIDI keyboard<\/a> e <a href=\"https:\/\/woodandfirestudio.com\/pt\/die-besten-audio-interfaces\/\" target=\"_self\">audio interface<\/a>, tamb\u00e9m tenho um sintetizador anal\u00f3gico (Moog Subsequent 37), que \u00e9 de tamanho m\u00e9dio e precisa de espa\u00e7o, bem como um suporte com algum equipamento.<\/p>\n\n\n\n<p class=\"translation-block\">Ikea oferece uma grande <a href=\"https:\/\/officeplanner.ikea.com\/de\" target=\"_blank\" rel=\"noreferrer noopener\">3D ferramenta de planeamento<\/a> para isto, com a qual se pode montar uma esta\u00e7\u00e3o de trabalho em 3D a partir do mobili\u00e1rio. Acho isto muito bom para ter uma ideia visual da secret\u00e1ria. Se conhece a modela\u00e7\u00e3o 3D, pode evidentemente faz\u00ea-lo voc\u00ea mesmo.<\/p>\n\n\n\n<p>Basta entrar nas dimens\u00f5es da sala e sair.<\/p>\n\n\n\n<figure class=\"wp-block-image size-full\"><img fetchpriority=\"high\" decoding=\"async\" width=\"800\" height=\"382\" src=\"https:\/\/woodandfirestudio.com\/wp-content\/uploads\/2023\/02\/ikea1.jpg\" alt=\"Come\u00e7a-se com uma sala vazia\" class=\"wp-image-11513\" title=\"\" srcset=\"https:\/\/woodandfirestudio.com\/wp-content\/uploads\/2023\/02\/ikea1.jpg 800w, https:\/\/woodandfirestudio.com\/wp-content\/uploads\/2023\/02\/ikea1-300x143.jpg 300w, https:\/\/woodandfirestudio.com\/wp-content\/uploads\/2023\/02\/ikea1-768x367.jpg 768w, https:\/\/woodandfirestudio.com\/wp-content\/uploads\/2023\/02\/ikea1-18x9.jpg 18w\" sizes=\"(max-width: 800px) 100vw, 800px\" \/><figcaption class=\"wp-element-caption\"><em>Come\u00e7a-se com uma sala vazia<\/em><\/figcaption><\/figure>\n\n\n\n<p>Depois pode escolher os diferentes m\u00f3veis e pe\u00e7as \u00e0 esquerda para criar a sua mesa de est\u00fadio. \u00c9 muito intuitivo: pode mudar a posi\u00e7\u00e3o e a orienta\u00e7\u00e3o com o rato no ecr\u00e3, mudar as cores, e muito mais.<\/p>\n\n\n\n<figure class=\"wp-block-image size-full\"><img decoding=\"async\" width=\"800\" height=\"382\" src=\"https:\/\/woodandfirestudio.com\/wp-content\/uploads\/2023\/02\/ikea2-1.jpg\" alt=\"No final tive esta constru\u00e7\u00e3o (aproximadamente, o Kallax n\u00e3o flutua no ar, mas o sistema tem os seus limites)\" class=\"wp-image-11517\" title=\"\" srcset=\"https:\/\/woodandfirestudio.com\/wp-content\/uploads\/2023\/02\/ikea2-1.jpg 800w, https:\/\/woodandfirestudio.com\/wp-content\/uploads\/2023\/02\/ikea2-1-300x143.jpg 300w, https:\/\/woodandfirestudio.com\/wp-content\/uploads\/2023\/02\/ikea2-1-768x367.jpg 768w, https:\/\/woodandfirestudio.com\/wp-content\/uploads\/2023\/02\/ikea2-1-18x9.jpg 18w\" sizes=\"(max-width: 800px) 100vw, 800px\" \/><figcaption class=\"wp-element-caption\"><em>No final tive esta constru\u00e7\u00e3o (aproximadamente, o Kallax n\u00e3o flutua no ar, mas o sistema tem os seus limites)<\/em><\/figcaption><\/figure>\n\n\n\n<p>No canto superior direito pode ver directamente o que tudo custa. No final, encomendei as seguintes pe\u00e7as:<\/p>\n\n\n\n<ul class=\"wp-block-list\">\n<li>Ikea LAGKAPTEN Tipl 160\u00d780 branco (tampo de trabalho principal) (<strong>49,99\u20ac<\/strong>)<\/li>\n\n\n\n<li>Ikea LAGKAPTEN Tipl 200\u00d760 branco (tampo de trabalho lateral) (<strong>59,99\u20ac<\/strong>)<\/li>\n\n\n\n<li>2x gaveta Ikea ALEX 36\u00d770 branca (2x <strong>69,99\u20ac<\/strong>)<\/li>\n\n\n\n<li>4x pernas Ikea ADILS brancas (4x <strong>5\u20ac<\/strong>)<\/li>\n<\/ul>\n\n\n\n<div style=\"height:21px\" aria-hidden=\"true\" class=\"wp-block-spacer\"><\/div>\n\n\n\n<p>Eu j\u00e1 tinha um Kallax em casa, que depois pus de lado. Mas isso n\u00e3o \u00e9 absolutamente necess\u00e1rio, porque a pr\u00f3pria mesa oferece espa\u00e7o suficiente.<\/p>\n\n\n\n<h3 class=\"wp-block-heading\">Passo 2: Construir<\/h3>\n\n\n\n<p>Quando todas as pe\u00e7as tinham chegado, finalmente come\u00e7\u00e1mos. A montagem foi realmente f\u00e1cil - apenas as gavetas ALEX exigiram algum esfor\u00e7o. Em troca, oferecem uma quantidade incr\u00edvel de espa\u00e7o de armazenamento para cabos, fichas, pap\u00e9is e todo o tipo de coisas, mesmo debaixo da mesa.<\/p>\n\n\n\n<figure class=\"wp-block-image size-full\"><img decoding=\"async\" width=\"1000\" height=\"680\" src=\"https:\/\/woodandfirestudio.com\/wp-content\/uploads\/2023\/02\/20230206_180955.jpg\" alt=\"Ikea ALEX como pernas para a minha mesa de est\u00fadio\" class=\"wp-image-11528\" title=\"\" srcset=\"https:\/\/woodandfirestudio.com\/wp-content\/uploads\/2023\/02\/20230206_180955.jpg 1000w, https:\/\/woodandfirestudio.com\/wp-content\/uploads\/2023\/02\/20230206_180955-300x204.jpg 300w, https:\/\/woodandfirestudio.com\/wp-content\/uploads\/2023\/02\/20230206_180955-768x522.jpg 768w, https:\/\/woodandfirestudio.com\/wp-content\/uploads\/2023\/02\/20230206_180955-18x12.jpg 18w\" sizes=\"(max-width: 1000px) 100vw, 1000px\" \/><figcaption class=\"wp-element-caption\"><em>Ikea ALEX como uma perna para a minha mesa de est\u00fadio<\/em><\/figcaption><\/figure>\n\n\n\n<p class=\"translation-block\">Utilizei os dois ALEX como p\u00e9s, um em cada extremidade da constru\u00e7\u00e3o. Para a mesa de trabalho principal, fiz sem o p\u00e9 esquerdo frontal e em vez disso aparafusei-o \u00e0 placa lateral com um <a href=\"https:\/\/amzn.to\/3ldWR2L\" target=\"_blank\" rel=\"noopener\">flat conector<\/a>. Isto deixa-me espa\u00e7o para me sentar entre as duas mesas sem que uma perna se interponha no caminho.<\/p>\n\n\n\n<figure class=\"wp-block-image size-full\"><img loading=\"lazy\" decoding=\"async\" width=\"1000\" height=\"595\" src=\"https:\/\/woodandfirestudio.com\/wp-content\/uploads\/2023\/02\/20230206_181155.jpg\" alt=\"\" class=\"wp-image-11529\" title=\"\" srcset=\"https:\/\/woodandfirestudio.com\/wp-content\/uploads\/2023\/02\/20230206_181155.jpg 1000w, https:\/\/woodandfirestudio.com\/wp-content\/uploads\/2023\/02\/20230206_181155-300x179.jpg 300w, https:\/\/woodandfirestudio.com\/wp-content\/uploads\/2023\/02\/20230206_181155-768x457.jpg 768w, https:\/\/woodandfirestudio.com\/wp-content\/uploads\/2023\/02\/20230206_181155-18x12.jpg 18w\" sizes=\"(max-width: 1000px) 100vw, 1000px\" \/><figcaption class=\"wp-element-caption\"><em>Liga\u00e7\u00e3o com um conector plano<\/em><\/figcaption><\/figure>\n\n\n\n<figure class=\"wp-block-image size-full\"><img loading=\"lazy\" decoding=\"async\" width=\"1000\" height=\"658\" src=\"https:\/\/woodandfirestudio.com\/wp-content\/uploads\/2023\/02\/20230206_181142.jpg\" alt=\"Liga\u00e7\u00e3o com um conector plano 2\" class=\"wp-image-11530\" title=\"\" srcset=\"https:\/\/woodandfirestudio.com\/wp-content\/uploads\/2023\/02\/20230206_181142.jpg 1000w, https:\/\/woodandfirestudio.com\/wp-content\/uploads\/2023\/02\/20230206_181142-300x197.jpg 300w, https:\/\/woodandfirestudio.com\/wp-content\/uploads\/2023\/02\/20230206_181142-768x505.jpg 768w, https:\/\/woodandfirestudio.com\/wp-content\/uploads\/2023\/02\/20230206_181142-18x12.jpg 18w\" sizes=\"(max-width: 1000px) 100vw, 1000px\" \/><figcaption class=\"wp-element-caption\"><em>Liga\u00e7\u00e3o com um conector plano (2)<\/em><\/figcaption><\/figure>\n\n\n\n<p>Passadas duas horas, a minha mesa estava pronta. As gavetas ALEX e as pernas foram simplesmente aparafusadas no tampo da mesa - era s\u00f3 isso que havia.<\/p>\n\n\n\n<p>Tive algumas preocupa\u00e7\u00f5es sobre a estabilidade (porque falta uma perna de um dos lados) - mas at\u00e9 me sentei em cima dela e tudo \u00e9 muito est\u00e1vel. A liga\u00e7\u00e3o atrav\u00e9s do conector plano \u00e9 perfeitamente adequada.<\/p>\n\n\n\n<figure class=\"wp-block-image size-full\"><img loading=\"lazy\" decoding=\"async\" width=\"1000\" height=\"532\" src=\"https:\/\/woodandfirestudio.com\/wp-content\/uploads\/2023\/02\/20230206_181256.jpg\" alt=\"E foi este o aspecto da mesa de est\u00fadio no final\" class=\"wp-image-11531\" title=\"\" srcset=\"https:\/\/woodandfirestudio.com\/wp-content\/uploads\/2023\/02\/20230206_181256.jpg 1000w, https:\/\/woodandfirestudio.com\/wp-content\/uploads\/2023\/02\/20230206_181256-300x160.jpg 300w, https:\/\/woodandfirestudio.com\/wp-content\/uploads\/2023\/02\/20230206_181256-768x409.jpg 768w, https:\/\/woodandfirestudio.com\/wp-content\/uploads\/2023\/02\/20230206_181256-18x10.jpg 18w\" sizes=\"(max-width: 1000px) 100vw, 1000px\" \/><figcaption class=\"wp-element-caption\"><em>E foi este o aspecto da mesa de est\u00fadio no final<\/em><\/figcaption><\/figure>\n\n\n\n<p>Mas o que eu realmente queria era um segundo andar na mesa. \u00c9 a\u00ed que se encontram os meus ecr\u00e3s e monitores de est\u00fadio. E o meu teclado MIDI tamb\u00e9m est\u00e1 escondido por baixo quando n\u00e3o o estou a utilizar.<\/p>\n\n\n\n<p>Para isso, comprei simplesmente uma t\u00e1bua de madeira longa e branca na loja de bricolage que \u00e9 t\u00e3o longa como toda a largura da constru\u00e7\u00e3o da minha mesa. Utilizei 3 pequenos peda\u00e7os de madeira (cerca de 10 cm de altura) como p\u00e9s. Simplesmente aparafusei estes na t\u00e1bua comprida.<\/p>\n\n\n\n<figure class=\"wp-block-image size-full\"><img loading=\"lazy\" decoding=\"async\" width=\"1000\" height=\"619\" src=\"https:\/\/woodandfirestudio.com\/wp-content\/uploads\/2023\/02\/20230206_181224.jpg\" alt=\"Com uma longa t\u00e1bua de madeira branca e tr\u00eas pequenas t\u00e1buas de madeira, constru\u00ed a segunda camada da mesa\" class=\"wp-image-11532\" title=\"\" srcset=\"https:\/\/woodandfirestudio.com\/wp-content\/uploads\/2023\/02\/20230206_181224.jpg 1000w, https:\/\/woodandfirestudio.com\/wp-content\/uploads\/2023\/02\/20230206_181224-300x186.jpg 300w, https:\/\/woodandfirestudio.com\/wp-content\/uploads\/2023\/02\/20230206_181224-768x475.jpg 768w, https:\/\/woodandfirestudio.com\/wp-content\/uploads\/2023\/02\/20230206_181224-18x12.jpg 18w\" sizes=\"(max-width: 1000px) 100vw, 1000px\" \/><figcaption class=\"wp-element-caption\"><em>Com uma longa t\u00e1bua de madeira branca e tr\u00eas pequenas t\u00e1buas de madeira, constru\u00ed a segunda camada da mesa<\/em><\/figcaption><\/figure>\n\n\n\n<p>Este \"2\u00ba andar\" n\u00e3o est\u00e1 aparafusado \u00e0 mesa principal, permanece est\u00e1vel porque carrega muito peso (2 ecr\u00e3s e 2 altifalantes).<\/p>\n\n\n\n<p>\u00c0 direita montei outro Kallax 8\u00d72 porque ainda precisava de espa\u00e7o para a minha estante. \u00c9 tudo bastante apertado e n\u00e3o \u00e9 particularmente agrad\u00e1vel - mas funcional.<\/p>\n\n\n\n<p>Depois montei todos os meus aparelhos e voil\u00e1! Acho que parece \u00f3ptimo, tenho muito espa\u00e7o para trabalhar e posso instalar muito mais equipamento (no caso de comprar algo no futuro).<\/p>\n\n\n\n<figure class=\"wp-block-image size-full\"><img loading=\"lazy\" decoding=\"async\" width=\"1000\" height=\"599\" src=\"https:\/\/woodandfirestudio.com\/wp-content\/uploads\/2023\/02\/20230206_184124.jpg\" alt=\"A minha mesa de est\u00fadio em casa acabou\" class=\"wp-image-11533\" title=\"\" srcset=\"https:\/\/woodandfirestudio.com\/wp-content\/uploads\/2023\/02\/20230206_184124.jpg 1000w, https:\/\/woodandfirestudio.com\/wp-content\/uploads\/2023\/02\/20230206_184124-300x180.jpg 300w, https:\/\/woodandfirestudio.com\/wp-content\/uploads\/2023\/02\/20230206_184124-768x460.jpg 768w, https:\/\/woodandfirestudio.com\/wp-content\/uploads\/2023\/02\/20230206_184124-18x12.jpg 18w\" sizes=\"(max-width: 1000px) 100vw, 1000px\" \/><figcaption class=\"wp-element-caption\"><em>A minha mesa de est\u00fadio em casa pronta a construir<\/em><\/figcaption><\/figure>\n\n\n\n<h3 class=\"wp-block-heading\">Passo 3: Extras<\/h3>\n\n\n\n<h4 class=\"wp-block-heading\">Suporte para auscultadores<\/h4>\n\n\n\n<p class=\"translation-block\">Isto n\u00e3o \u00e9 uma obriga\u00e7\u00e3o, claro, mas sempre agrad\u00e1vel - caso contr\u00e1rio o <a href=\"https:\/\/woodandfirestudio.com\/pt\/beste-over-ear-kopfhoerer-musikproduktion\/\" target=\"_self\">auscultadores<\/a> ficar\u00e1 sempre no meio ou at\u00e9 cair\u00e1 da mesa se n\u00e3o tiver um lugar fixo.<\/p>\n\n\n\n<figure class=\"wp-block-image size-full\"><img loading=\"lazy\" decoding=\"async\" width=\"1000\" height=\"614\" src=\"https:\/\/woodandfirestudio.com\/wp-content\/uploads\/2023\/02\/20230206_183600.jpg\" alt=\"Suporte de auscultadores\" class=\"wp-image-11535\" title=\"\" srcset=\"https:\/\/woodandfirestudio.com\/wp-content\/uploads\/2023\/02\/20230206_183600.jpg 1000w, https:\/\/woodandfirestudio.com\/wp-content\/uploads\/2023\/02\/20230206_183600-300x184.jpg 300w, https:\/\/woodandfirestudio.com\/wp-content\/uploads\/2023\/02\/20230206_183600-768x472.jpg 768w, https:\/\/woodandfirestudio.com\/wp-content\/uploads\/2023\/02\/20230206_183600-18x12.jpg 18w\" sizes=\"(max-width: 1000px) 100vw, 1000px\" \/><figcaption class=\"wp-element-caption\"><em>Suporte de auscultadores<\/em><\/figcaption><\/figure>\n\n\n\n<p class=\"translation-block\">Os meus auscultadores s\u00e3o grandes e pesados (Beyerdynamic DT-1990), por isso precisava de um suporte est\u00e1vel. Comprei o <a href=\"https:\/\/amzn.to\/3YrYatc\" target=\"_blank\" rel=\"noreferrer noopener\">KH-1000 da Dynavox<\/a> e estou muito satisfeito com ele. O suporte \u00e9 est\u00e1vel e at\u00e9 tem espa\u00e7o para o cabo na frente.<\/p>\n\n\n\n<h4 class=\"wp-block-heading\">Fita LED<\/h4>\n\n\n\n<p>Nenhum est\u00fadio moderno pode ser imaginado sem LEDs - eles criam atmosfera \u00e0 noite e ficam sempre frescos em fotos e v\u00eddeos. E s\u00e3o agora muito acess\u00edveis, com modelos muito bons dispon\u00edveis a partir de t\u00e3o pouco como 15 euros.<\/p>\n\n\n\n<figure class=\"wp-block-image size-full\"><img loading=\"lazy\" decoding=\"async\" width=\"1000\" height=\"688\" src=\"https:\/\/woodandfirestudio.com\/wp-content\/uploads\/2023\/02\/20230206_192737.jpg\" alt=\"Luzes LED criam atmosfera\" class=\"wp-image-11536\" title=\"\" srcset=\"https:\/\/woodandfirestudio.com\/wp-content\/uploads\/2023\/02\/20230206_192737.jpg 1000w, https:\/\/woodandfirestudio.com\/wp-content\/uploads\/2023\/02\/20230206_192737-300x206.jpg 300w, https:\/\/woodandfirestudio.com\/wp-content\/uploads\/2023\/02\/20230206_192737-768x528.jpg 768w, https:\/\/woodandfirestudio.com\/wp-content\/uploads\/2023\/02\/20230206_192737-18x12.jpg 18w\" sizes=\"(max-width: 1000px) 100vw, 1000px\" \/><figcaption class=\"wp-element-caption\"><em>Luzes LED criam atmosfera<\/em><\/figcaption><\/figure>\n\n\n\n<p>As tiras de LED devem ser montadas de modo a que a luz n\u00e3o brilhe directamente sobre si, mas na parede ou numa superf\u00edcie (ilumina\u00e7\u00e3o indirecta) - caso contr\u00e1rio, os LEDs podem deslumbrar rapidamente.<\/p>\n\n\n\n<p class=\"translation-block\">Comprei as <a href=\"https:\/\/amzn.to\/40sNRah\" target=\"_blank\" rel=\"noreferrer noopener\">LED strips from Goovee<\/a> porque tamb\u00e9m as utilizei no meu est\u00fadio de grava\u00e7\u00e3o e sempre me senti feliz com elas - mas qualquer outro modelo funcionar\u00e1.<\/p>\n\n\n\n<h4 class=\"wp-block-heading\">Rack para unidades<\/h4>\n\n\n\n<p>Como ainda tenho algum hardware, tenho uma pequena prateleira de 19\" que coloquei no lado direito do Kallax. A\u00ed tenho a minha interface \u00e1udio, o meu <a href=\"https:\/\/woodandfirestudio.com\/pt\/di-box\/\">Caixa DI<\/a>, o meu amplificador de auscultadores, o meu cubo Thunderbolt e o meu port\u00e1til.<\/p>\n\n\n\n<figure class=\"wp-block-image size-full\"><img loading=\"lazy\" decoding=\"async\" width=\"800\" height=\"509\" src=\"https:\/\/woodandfirestudio.com\/wp-content\/uploads\/2023\/02\/20230206_183206.jpg\" alt=\"19&#039;&#039; suporte do lado direito\" class=\"wp-image-11538\" title=\"\" srcset=\"https:\/\/woodandfirestudio.com\/wp-content\/uploads\/2023\/02\/20230206_183206.jpg 800w, https:\/\/woodandfirestudio.com\/wp-content\/uploads\/2023\/02\/20230206_183206-300x191.jpg 300w, https:\/\/woodandfirestudio.com\/wp-content\/uploads\/2023\/02\/20230206_183206-768x489.jpg 768w, https:\/\/woodandfirestudio.com\/wp-content\/uploads\/2023\/02\/20230206_183206-18x12.jpg 18w\" sizes=\"(max-width: 800px) 100vw, 800px\" \/><figcaption class=\"wp-element-caption\"><em>Suporte de 19\" no lado direito - o meu port\u00e1til est\u00e1 em cima<\/em><\/figcaption><\/figure>\n\n\n\n<p>Isto mant\u00e9m a \u00e1rea de trabalho limpa e livre de cabos, porque tudo est\u00e1 preso ao lado.<\/p>\n\n\n\n<h4 class=\"wp-block-heading\">Suporte de monitor com isolamento<\/h4>\n\n\n\n<p class=\"translation-block\">Uma vez que os monitores s\u00e3o colocados directamente sobre a mesa, \u00e9 absolutamente necess\u00e1rio um suporte de monitor que desacopla acusticamente os monitores da mesa. Utilizo o <a href=\"https:\/\/thmn.to\/thoprod\/239489?offid=1&amp;affid=1571\" target=\"_blank\" rel=\"noopener\">t.akustik ISO-Pad 7<\/a>, mas existem modelos mais agrad\u00e1veis, tais como o <a href=\"https:\/\/thmn.to\/thoprod\/459886?offid=1&amp;affid=1571\" target=\"_blank\" rel=\"noopener\">IsoAcoustics ISO-200<\/a>, que s\u00e3o muito mais caros.<\/p>\n\n\n\n<figure class=\"wp-block-image size-full\"><img loading=\"lazy\" decoding=\"async\" width=\"750\" height=\"508\" src=\"https:\/\/woodandfirestudio.com\/wp-content\/uploads\/2023\/02\/20230206_183328.jpg\" alt=\"Monitor de est\u00fadio com suporte\" class=\"wp-image-11539\" title=\"\" srcset=\"https:\/\/woodandfirestudio.com\/wp-content\/uploads\/2023\/02\/20230206_183328.jpg 750w, https:\/\/woodandfirestudio.com\/wp-content\/uploads\/2023\/02\/20230206_183328-300x203.jpg 300w, https:\/\/woodandfirestudio.com\/wp-content\/uploads\/2023\/02\/20230206_183328-18x12.jpg 18w\" sizes=\"(max-width: 750px) 100vw, 750px\" \/><figcaption class=\"wp-element-caption\">Monitor de est\u00fadio com suporte<\/figcaption><\/figure>\n\n\n\n<h3 class=\"wp-block-heading\">Passo 4: Montar e ligar as unidades<\/h3>\n\n\n\n<p>Depois, quando tudo foi constru\u00eddo, montei todo o meu equipamento e liguei-o. Sempre tentei manter a cablagem o mais limpa poss\u00edvel e afastada do local de trabalho.<\/p>\n\n\n\n<p>Claro que tive de encomendar cabos extra longos porque o meu sintetizador est\u00e1 a quase 2 m de dist\u00e2ncia da interface. A cablagem passa completamente por baixo da mesa e por detr\u00e1s do suporte.<\/p>\n\n\n\n<p>O teclado MIDI cabe perfeitamente debaixo do ecr\u00e3 - para n\u00e3o atrapalhar quando n\u00e3o se precisa dele. Tenho um espa\u00e7o de armazenamento infinito e posso sempre manter o meu espa\u00e7o de trabalho limpo e arrumado.<\/p>\n\n\n\n<figure class=\"wp-block-image size-full\"><img loading=\"lazy\" decoding=\"async\" width=\"800\" height=\"510\" src=\"https:\/\/woodandfirestudio.com\/wp-content\/uploads\/2023\/02\/20230206_182425.jpg\" alt=\"O meu teclado Akai MIDI est\u00e1 perfeitamente colocado debaixo dos monitores.\" class=\"wp-image-11540\" title=\"\" srcset=\"https:\/\/woodandfirestudio.com\/wp-content\/uploads\/2023\/02\/20230206_182425.jpg 800w, https:\/\/woodandfirestudio.com\/wp-content\/uploads\/2023\/02\/20230206_182425-300x191.jpg 300w, https:\/\/woodandfirestudio.com\/wp-content\/uploads\/2023\/02\/20230206_182425-768x490.jpg 768w, https:\/\/woodandfirestudio.com\/wp-content\/uploads\/2023\/02\/20230206_182425-18x12.jpg 18w\" sizes=\"(max-width: 800px) 100vw, 800px\" \/><figcaption class=\"wp-element-caption\"><em>O meu teclado Akai MIDI est\u00e1 perfeitamente colocado debaixo dos monitores<\/em><\/figcaption><\/figure>\n\n\n\n<h3 class=\"wp-block-heading\">Passo 5: Ac\u00fastica<\/h3>\n\n\n\n<p class=\"translation-block\">Eu pr\u00f3prio saltei este passo no meu est\u00fadio em casa, uma vez que trabalho quase exclusivamente com auscultadores. Tenho o meu verdadeiro est\u00fadio de grava\u00e7\u00e3o, que tamb\u00e9m optimizei acusticamente - a\u00ed posso perfeitamente <a href=\"https:\/\/woodandfirestudio.com\/pt\/mix-und-mastering\/\" target=\"_self\">mix e master<\/a>&gt;. O meu est\u00fadio em casa \u00e9 realmente apenas para compor e produzir, e a ac\u00fastica n\u00e3o desempenha a\u00ed um papel t\u00e3o importante.<\/p>\n\n\n\n<figure class=\"wp-block-image size-full\"><img loading=\"lazy\" decoding=\"async\" width=\"800\" height=\"600\" src=\"https:\/\/woodandfirestudio.com\/wp-content\/uploads\/2020\/07\/IMG_20190810_140006.jpg\" alt=\"Est\u00fadio de Grava\u00e7\u00e3o Aachen - Geral\" class=\"wp-image-4481\" title=\"\" srcset=\"https:\/\/woodandfirestudio.com\/wp-content\/uploads\/2020\/07\/IMG_20190810_140006.jpg 800w, https:\/\/woodandfirestudio.com\/wp-content\/uploads\/2020\/07\/IMG_20190810_140006-300x225.jpg 300w, https:\/\/woodandfirestudio.com\/wp-content\/uploads\/2020\/07\/IMG_20190810_140006-768x576.jpg 768w, https:\/\/woodandfirestudio.com\/wp-content\/uploads\/2020\/07\/IMG_20190810_140006-600x450.jpg 600w\" sizes=\"(max-width: 800px) 100vw, 800px\" \/><figcaption class=\"wp-element-caption\"><em>Optimizei completamente acusticamente o meu verdadeiro est\u00fadio de grava\u00e7\u00e3o e tamb\u00e9m constru\u00ed eu pr\u00f3prio todos os absorvedores. Por cerca de 2.000 euros tratei todos os cantos, paredes, ch\u00e3o e tecto - que teriam custado mais de 10.000 euros se eu tivesse comprado as pe\u00e7as acabadas.<\/em><\/figcaption><\/figure>\n\n\n\n<p class=\"translation-block\">Mas se quiser fazer mais tempo <a href=\"https:\/\/woodandfirestudio.com\/pt\/audio-mixing-guide\/\" target=\"_self\">mixing sessions<\/a> via studio monitors<\/a>, tem de preparar um pouco a sala acusticamente. Isto inclui, pelo menos:<\/p>\n\n\n\n<ul class=\"wp-block-list\">\n<li><a href=\"https:\/\/thmn.to\/thoprod\/233185?offid=1&amp;affid=1571\" target=\"_blank\" rel=\"noreferrer noopener\">Basstraps<\/a> - Eu trataria pelo menos 2 cantos da sala com ele. Mas quanto mais, melhor.<\/li>\n\n\n\n<li><a href=\"https:\/\/thmn.to\/thoprod\/534328?offid=1&amp;affid=1571\" target=\"_blank\" rel=\"noopener\">Absorvedor de tecto<\/a> - para a \u00e1rea do tecto entre a posi\u00e7\u00e3o de monitoriza\u00e7\u00e3o e os monitores de est\u00fadio<\/li>\n\n\n\n<li><a href=\"https:\/\/thmn.to\/thoprod\/522256?offid=1&amp;affid=1571\" target=\"_blank\" rel=\"noopener\">Absorvedores de parede lateral<\/a> - para a \u00e1rea da parede em cada lado entre a posi\u00e7\u00e3o de monitoriza\u00e7\u00e3o e os monitores de est\u00fadio<\/li>\n<\/ul>\n\n\n\n<div style=\"height:12px\" aria-hidden=\"true\" class=\"wp-block-spacer\"><\/div>\n\n\n\n<p>Mais uma vez, quanto mais \u00e1rea puder cobrir, melhor. O nosso objectivo \u00e9 evitar o maior n\u00famero poss\u00edvel de reflex\u00f5es na sala, para que apenas o som directo do monitor seja ouvido durante o trabalho. <\/p>\n\n\n\n<p>Para salas pequenas pode comprar absorvedores prontos, n\u00e3o s\u00e3o assim t\u00e3o caros. Para salas grandes, no entanto, recomendo definitivamente a constru\u00e7\u00e3o dos absorvedores por si pr\u00f3prio - o que poupa muito dinheiro.<\/p>\n\n\n\n<h4 class=\"wp-block-heading\">Conclus\u00e3o<\/h4>\n\n\n\n<p>Como podem ver, constru\u00ed uma mesa com uma enorme superf\u00edcie de trabalho (160x80cm + 200x60cm) por pouco menos de 270 euros, que caberia facilmente 2-3 sintetizadores ou teclados. Uma mesa como esta custa normalmente mais de 2.000 euros se a comprar pronta a ser constru\u00edda (e mesmo assim a superf\u00edcie de trabalho \u00e9 menor!) - por isso poupei muito.<\/p>","protected":false},"excerpt":{"rendered":"<p>Precisava de uma boa mesa de est\u00fadio para o meu est\u00fadio em casa, mas n\u00e3o consegui encontrar uma apesar de uma longa procura. Deve ter espa\u00e7o suficiente para 2 ecr\u00e3s e 2 altifalantes - e isso \u00e9 muito pesado. Por isso decidi construir eu pr\u00f3prio uma mesa de est\u00fadio a partir de pe\u00e7as IKEA - e o resultado foi espantoso.<\/p>","protected":false},"author":1,"featured_media":11550,"comment_status":"closed","ping_status":"closed","sticky":false,"template":"","format":"standard","meta":{"ub_ctt_via":"","footnotes":""},"categories":[63],"tags":[],"class_list":["post-11512","post","type-post","status-publish","format-standard","has-post-thumbnail","hentry","category-gear"],"featured_image_src":"https:\/\/woodandfirestudio.com\/wp-content\/uploads\/2023\/02\/BB.jpg","author_info":{"display_name":"Eloy Caudet","author_link":"https:\/\/woodandfirestudio.com\/pt\/author\/ecaudetg\/"},"_links":{"self":[{"href":"https:\/\/woodandfirestudio.com\/pt\/wp-json\/wp\/v2\/posts\/11512","targetHints":{"allow":["GET"]}}],"collection":[{"href":"https:\/\/woodandfirestudio.com\/pt\/wp-json\/wp\/v2\/posts"}],"about":[{"href":"https:\/\/woodandfirestudio.com\/pt\/wp-json\/wp\/v2\/types\/post"}],"author":[{"embeddable":true,"href":"https:\/\/woodandfirestudio.com\/pt\/wp-json\/wp\/v2\/users\/1"}],"replies":[{"embeddable":true,"href":"https:\/\/woodandfirestudio.com\/pt\/wp-json\/wp\/v2\/comments?post=11512"}],"version-history":[{"count":0,"href":"https:\/\/woodandfirestudio.com\/pt\/wp-json\/wp\/v2\/posts\/11512\/revisions"}],"wp:featuredmedia":[{"embeddable":true,"href":"https:\/\/woodandfirestudio.com\/pt\/wp-json\/wp\/v2\/media\/11550"}],"wp:attachment":[{"href":"https:\/\/woodandfirestudio.com\/pt\/wp-json\/wp\/v2\/media?parent=11512"}],"wp:term":[{"taxonomy":"category","embeddable":true,"href":"https:\/\/woodandfirestudio.com\/pt\/wp-json\/wp\/v2\/categories?post=11512"},{"taxonomy":"post_tag","embeddable":true,"href":"https:\/\/woodandfirestudio.com\/pt\/wp-json\/wp\/v2\/tags?post=11512"}],"curies":[{"name":"wp","href":"https:\/\/api.w.org\/{rel}","templated":true}]}}