{"id":16856,"date":"2023-10-12T08:04:23","date_gmt":"2023-10-12T06:04:23","guid":{"rendered":"https:\/\/woodandfirestudio.com\/?p=16856"},"modified":"2023-10-15T10:28:08","modified_gmt":"2023-10-15T08:28:08","slug":"e-bass-aufnehmen","status":"publish","type":"post","link":"https:\/\/woodandfirestudio.com\/pt\/e-bass-aufnehmen\/","title":{"rendered":"Grava\u00e7\u00e3o de baixo el\u00e9trico: Um guia passo-a-passo"},"content":{"rendered":"<p>A grava\u00e7\u00e3o do baixo \u00e9 normalmente o segundo passo numa produ\u00e7\u00e3o, depois da grava\u00e7\u00e3o da bateria. O baixo el\u00e9trico \u00e9 respons\u00e1vel pelos graves da can\u00e7\u00e3o - serve de base ao groove sobre o qual outros instrumentos, como a guitarra ou o piano, se constroem.<\/p>\n\n\n\n<p class=\"translation-block\">Apesar de o <a href=\"https:\/\/woodandfirestudio.com\/pt\/e-bass-beste-modelle\/\" target=\"_self\">E-bass<\/a> estar bastante em segundo plano na maior parte dos g\u00e9neros, \u00e9 uma parte incrivelmente importante de qualquer produ\u00e7\u00e3o - sem ele, as can\u00e7\u00f5es soam finas e fracas. \u00c9 por isso que \u00e9 t\u00e3o importante grav\u00e1-lo bem para obter o melhor som poss\u00edvel.<\/p>\n\n\n\n<p>Neste tutorial vou mostrar 3 m\u00e9todos para gravar um baixo el\u00e9trico no PC:<\/p>\n\n\n\n<ul class=\"wp-block-list\">\n<li>Atrav\u00e9s de uma caixa DI<\/li>\n\n\n\n<li>Atrav\u00e9s do amplificador de graves com um (ou mais) microfone(s)<\/li>\n\n\n\n<li>Diretamente atrav\u00e9s da interface \u00e1udio<\/li>\n<\/ul>\n\n\n\n<div style=\"height:13px\" aria-hidden=\"true\" class=\"wp-block-spacer\"><\/div>\n\n\n\n<p>Na maioria dos est\u00fadios de grava\u00e7\u00e3o, normalmente grava-se com os dois primeiros m\u00e9todos em simult\u00e2neo, ou seja, com uma caixa DI e com um microfone atrav\u00e9s do amplificador de baixo. Isto d\u00e1-lhe mais possibilidades de alterar o som, combinando os diferentes canais (DI e microfone).<\/p>\n\n\n\n<h3 class=\"wp-block-heading\">M\u00e9todo 1: Baixo atrav\u00e9s de grava\u00e7\u00e3o DI<\/h3>\n\n\n\n<p class=\"translation-block\">O baixo \u00e9 um dos poucos instrumentos que soa bastante bem apenas com a caixa DI. Isto deve-se principalmente ao facto de o baixo el\u00e9trico ter normalmente poucos efeitos e um som direto e seco \u00e9 muitas vezes exatamente o que se pretende. Mesmo que grave o baixo atrav\u00e9s de um <a href=\"https:\/\/woodandfirestudio.com\/pt\/bassverstaerker-amp-kaufen\/\" target=\"_self\">amplificador de baixo<\/a> - o sinal DI \u00e9 sempre gravado tamb\u00e9m, para que possa mistur\u00e1-lo mais tarde.<\/p>\n\n\n\n<figure class=\"wp-block-image size-large\"><a href=\"https:\/\/woodandfirestudio.com\/wp-content\/uploads\/2023\/10\/bass1.jpg\"><img fetchpriority=\"high\" decoding=\"async\" width=\"1024\" height=\"603\" src=\"https:\/\/woodandfirestudio.com\/wp-content\/uploads\/2023\/10\/bass1-1024x603.jpg\" alt=\"O baixo el\u00e9trico pode ser gravado diretamente atrav\u00e9s de uma caixa DI - sem um amplificador\" class=\"wp-image-16876\" title=\"\" srcset=\"https:\/\/woodandfirestudio.com\/wp-content\/uploads\/2023\/10\/bass1-1024x603.jpg 1024w, https:\/\/woodandfirestudio.com\/wp-content\/uploads\/2023\/10\/bass1-300x177.jpg 300w, https:\/\/woodandfirestudio.com\/wp-content\/uploads\/2023\/10\/bass1-768x453.jpg 768w, https:\/\/woodandfirestudio.com\/wp-content\/uploads\/2023\/10\/bass1-18x12.jpg 18w, https:\/\/woodandfirestudio.com\/wp-content\/uploads\/2023\/10\/bass1-1000x589.jpg 1000w, https:\/\/woodandfirestudio.com\/wp-content\/uploads\/2023\/10\/bass1.jpg 1500w\" sizes=\"(max-width: 1024px) 100vw, 1024px\" \/><\/a><figcaption class=\"wp-element-caption\"><em>O baixo el\u00e9trico pode ser gravado diretamente atrav\u00e9s de uma caixa DI - sem um amplificador<\/em><\/figcaption><\/figure>\n\n\n\n<div class=\"wp-block-columns is-layout-flex wp-container-core-columns-is-layout-9d6595d7 wp-block-columns-is-layout-flex\">\n<div class=\"wp-block-column is-layout-flow wp-block-column-is-layout-flow\" style=\"flex-basis:33.33%\">\n<h5 class=\"wp-block-heading technischedaten\"><strong>O QUE \u00c9 NECESS\u00c1RIO PARA ISSO<\/strong><\/h5>\n<\/div>\n\n\n\n<div class=\"wp-block-column brauchstcolumn is-layout-flow wp-block-column-is-layout-flow\" style=\"flex-basis:66.66%\">\n<div style=\"height:8px\" aria-hidden=\"true\" class=\"wp-block-spacer\"><\/div>\n\n\n\n<ul class=\"wp-block-list\">\n<li>Baixo el\u00e9ctrico<\/li>\n\n\n\n<li>Caixa DI<\/li>\n\n\n\n<li>interface \u00e1udio<\/li>\n<\/ul>\n<\/div>\n<\/div>\n\n\n\n<div class=\"wp-block-columns modelleblock is-layout-flex wp-container-core-columns-is-layout-9d6595d7 wp-block-columns-is-layout-flex\">\n<div class=\"wp-block-column is-layout-flow wp-block-column-is-layout-flow\" style=\"flex-basis:33.33%\">\n<h5 class=\"wp-block-heading modelle\"><strong>VANTAGENS<\/strong><\/h5>\n<\/div>\n\n\n\n<div class=\"wp-block-column is-layout-flow wp-block-column-is-layout-flow\" style=\"flex-basis:66.66%\">\n<div style=\"height:8px\" aria-hidden=\"true\" class=\"wp-block-spacer\"><\/div>\n\n\n<ul class=\"wp-block-ub-styled-list ub_styled_list\" id=\"ub_styled_list-36b659bd-69f8-4cb4-afdc-6daa6a44dd3d\"><div class=\"ub-block-list__layout\">\n<li class=\"ub_styled_list_item\" style=\"\" id=\"ub-styled-list-item-b6c3974a-ff0f-487b-9c9a-f233ce12ab23\">M\u00e9todo muito simples<\/li>\n\n<li class=\"ub_styled_list_item\" style=\"\" id=\"ub-styled-list-item-40052f1d-1a10-4170-9b45-bdf5aeb6707a\">Sem problemas de feedback<\/li>\n\n<li class=\"ub_styled_list_item\" style=\"\" id=\"ub-styled-list-item-4843cb08-f53e-4c5a-ab52-a4009beaee43\">N\u00e3o s\u00e3o necess\u00e1rios auscultadores<\/li>\n<\/div><\/ul><\/div>\n<\/div>\n\n\n\n<div class=\"wp-block-columns modelleblock is-layout-flex wp-container-core-columns-is-layout-9d6595d7 wp-block-columns-is-layout-flex\">\n<div class=\"wp-block-column is-layout-flow wp-block-column-is-layout-flow\" style=\"flex-basis:33.33%\">\n<h5 class=\"wp-block-heading modelle\"><strong>DESVANTAGENS<\/strong><\/h5>\n<\/div>\n\n\n\n<div class=\"wp-block-column is-layout-flow wp-block-column-is-layout-flow\" style=\"flex-basis:66.66%\">\n<div style=\"height:8px\" aria-hidden=\"true\" class=\"wp-block-spacer\"><\/div>\n\n\n<ul class=\"wp-block-ub-styled-list ub_styled_list\" id=\"ub_styled_list-4358a819-08dc-4261-955e-0d5fec9bc5a9\"><div class=\"ub-block-list__layout\">\n<li class=\"ub_styled_list_item\" style=\"\" id=\"ub-styled-list-item-e5e6fec3-dd31-4f7f-8677-3b2bae05e530\">Caixa DI de alta qualidade necess\u00e1ria para que a grava\u00e7\u00e3o tenha um som realmente bom<\/li>\n<\/div><\/ul><\/div>\n<\/div>\n\n\n\n<p class=\"translation-block\">O processo \u00e9 bastante simples: O baixo el\u00e9trico \u00e9 ligado com um cabo jack \u00e0 <a href=\"https:\/\/woodandfirestudio.com\/pt\/di-box\/\" target=\"_self\">DI box<\/a>, que \u00e9 depois ligada \u00e0 interface\/preamp atrav\u00e9s da sa\u00edda XLR. N\u00e3o tem de se preocupar com feedback, posi\u00e7\u00f5es de microfone ou similares, e tamb\u00e9m pode ouvir atrav\u00e9s de altifalantes enquanto grava (uma vez que n\u00e3o s\u00e3o utilizados microfones, o som n\u00e3o pode penetrar no microfone).<\/p>\n\n\n\n<figure class=\"wp-block-image size-large\"><a href=\"https:\/\/woodandfirestudio.com\/wp-content\/uploads\/2023\/10\/20231011_173113.jpg\"><img decoding=\"async\" width=\"1024\" height=\"620\" src=\"https:\/\/woodandfirestudio.com\/wp-content\/uploads\/2023\/10\/20231011_173113-1024x620.jpg\" alt=\"A Caixa DI Summit Audio TD-100\" class=\"wp-image-16911\" title=\"\" srcset=\"https:\/\/woodandfirestudio.com\/wp-content\/uploads\/2023\/10\/20231011_173113-1024x620.jpg 1024w, https:\/\/woodandfirestudio.com\/wp-content\/uploads\/2023\/10\/20231011_173113-300x182.jpg 300w, https:\/\/woodandfirestudio.com\/wp-content\/uploads\/2023\/10\/20231011_173113-768x465.jpg 768w, https:\/\/woodandfirestudio.com\/wp-content\/uploads\/2023\/10\/20231011_173113-18x12.jpg 18w, https:\/\/woodandfirestudio.com\/wp-content\/uploads\/2023\/10\/20231011_173113-1000x605.jpg 1000w, https:\/\/woodandfirestudio.com\/wp-content\/uploads\/2023\/10\/20231011_173113.jpg 1500w\" sizes=\"(max-width: 1024px) 100vw, 1024px\" \/><\/a><figcaption class=\"wp-element-caption\"><em>A Caixa DI Summit Audio TD-100<\/em><\/figcaption><\/figure>\n\n\n\n<p>Neste caso, para al\u00e9m do baixo, a caixa DI desempenha um papel muito importante porque \u00e9 o \u00fanico elemento na cadeia que pode influenciar o som. Recomendo a utiliza\u00e7\u00e3o de uma caixa DI de v\u00e1lvula para este efeito (ou uma caixa DI de alta qualidade em geral) porque faz realmente a diferen\u00e7a no baixo. <\/p>\n\n\n\n<p>Eu pr\u00f3prio utilizo o Summit Audio TD-100, que \u00e9 um pouco caro, mas proporciona sempre um som que me deixa muito satisfeito. E eu sou muito exigente quando se trata de som de baixo! (Afinal de contas, eu pr\u00f3prio sou um baixista)<\/p>\n\n\n\n<p>Depois de gravar, tem um sinal de baixo seco que pode usar diretamente na mistura (o que acontece frequentemente com caixas DI de v\u00e1lvula) ou passar por todos os amplificadores de baixo virtuais no seu computador para alterar o timbre. Ou seja, pode mais tarde fazer com que soe limpo ou distorcido atrav\u00e9s de um amplificador virtual.<\/p>\n\n\n\n<p>Mas tamb\u00e9m pode enviar este sinal atrav\u00e9s de um amplificador de baixo real e depois grav\u00e1-lo com um microfone - isto chama-se reamping e \u00e9 uma t\u00e9cnica muito popular. Portanto, tem muitas op\u00e7\u00f5es depois de gravar!<\/p>\n\n\n\n<h3 class=\"wp-block-heading\">M\u00e9todo 2: Gravar o amplificador de graves com microfone<\/h3>\n\n\n\n<p class=\"translation-block\">O m\u00e9todo cl\u00e1ssico para gravar um baixo \u00e9 microfonar o amplificador do baixo - semelhante a <a href=\"https:\/\/woodandfirestudio.com\/pt\/e-gitarre-aufnehmen\/\" target=\"_self\">gravar uma guitarra el\u00e9ctrica<\/a> atrav\u00e9s de um amplificador de guitarra. Aqui, um ou mais microfones s\u00e3o colocados diretamente em frente do altifalante da caixa para captar o som direto.<\/p>\n\n\n\n<figure class=\"wp-block-image size-large\"><a href=\"https:\/\/woodandfirestudio.com\/wp-content\/uploads\/2023\/10\/bass2.jpg\"><img decoding=\"async\" width=\"1024\" height=\"603\" src=\"https:\/\/woodandfirestudio.com\/wp-content\/uploads\/2023\/10\/bass2-1024x603.jpg\" alt=\"O m\u00e9todo cl\u00e1ssico: gravar o baixo el\u00e9trico atrav\u00e9s da capta\u00e7\u00e3o do amplificador\" class=\"wp-image-16879\" title=\"\" srcset=\"https:\/\/woodandfirestudio.com\/wp-content\/uploads\/2023\/10\/bass2-1024x603.jpg 1024w, https:\/\/woodandfirestudio.com\/wp-content\/uploads\/2023\/10\/bass2-300x177.jpg 300w, https:\/\/woodandfirestudio.com\/wp-content\/uploads\/2023\/10\/bass2-768x453.jpg 768w, https:\/\/woodandfirestudio.com\/wp-content\/uploads\/2023\/10\/bass2-18x12.jpg 18w, https:\/\/woodandfirestudio.com\/wp-content\/uploads\/2023\/10\/bass2-1000x589.jpg 1000w, https:\/\/woodandfirestudio.com\/wp-content\/uploads\/2023\/10\/bass2.jpg 1500w\" sizes=\"(max-width: 1024px) 100vw, 1024px\" \/><\/a><figcaption class=\"wp-element-caption\"><em>O m\u00e9todo cl\u00e1ssico: gravar o baixo el\u00e9trico atrav\u00e9s da capta\u00e7\u00e3o do amplificador<\/em><\/figcaption><\/figure>\n\n\n\n<div class=\"wp-block-columns is-layout-flex wp-container-core-columns-is-layout-9d6595d7 wp-block-columns-is-layout-flex\">\n<div class=\"wp-block-column is-layout-flow wp-block-column-is-layout-flow\" style=\"flex-basis:33.33%\">\n<h5 class=\"wp-block-heading technischedaten\"><strong>O QUE \u00c9 NECESS\u00c1RIO PARA ISSO<\/strong><\/h5>\n<\/div>\n\n\n\n<div class=\"wp-block-column brauchstcolumn is-layout-flow wp-block-column-is-layout-flow\" style=\"flex-basis:66.66%\">\n<div style=\"height:8px\" aria-hidden=\"true\" class=\"wp-block-spacer\"><\/div>\n\n\n\n<ul class=\"wp-block-list\">\n<li>Baixo el\u00e9ctrico<\/li>\n\n\n\n<li>Amplificador de graves<\/li>\n\n\n\n<li>Microfone(s)<\/li>\n\n\n\n<li>interface \u00e1udio<\/li>\n<\/ul>\n<\/div>\n<\/div>\n\n\n\n<div class=\"wp-block-columns modelleblock is-layout-flex wp-container-core-columns-is-layout-9d6595d7 wp-block-columns-is-layout-flex\">\n<div class=\"wp-block-column is-layout-flow wp-block-column-is-layout-flow\" style=\"flex-basis:33.33%\">\n<h5 class=\"wp-block-heading modelle\"><strong>VANTAGENS<\/strong><\/h5>\n<\/div>\n\n\n\n<div class=\"wp-block-column is-layout-flow wp-block-column-is-layout-flow\" style=\"flex-basis:66.66%\">\n<div style=\"height:8px\" aria-hidden=\"true\" class=\"wp-block-spacer\"><\/div>\n\n\n<ul class=\"wp-block-ub-styled-list ub_styled_list\" id=\"ub_styled_list-36b659bd-69f8-4cb4-afdc-6daa6a44dd3d\"><div class=\"ub-block-list__layout\">\n<li class=\"ub_styled_list_item\" style=\"\" id=\"ub-styled-list-item-64671759-3473-480b-9afc-2d9f03985032\">O som completo do amplificador pode ser gravado (normalmente soa melhor do que as simula\u00e7\u00f5es de amplificadores digitais)<\/li>\n\n<li class=\"ub_styled_list_item\" style=\"\" id=\"ub-styled-list-item-20d966b0-9526-4fab-a8b2-0ccdcb40193e\">Dependendo do som pretendido, podem ser combinados diferentes microfones e cabinas<\/li>\n<\/div><\/ul><\/div>\n<\/div>\n\n\n\n<div class=\"wp-block-columns modelleblock is-layout-flex wp-container-core-columns-is-layout-9d6595d7 wp-block-columns-is-layout-flex\">\n<div class=\"wp-block-column is-layout-flow wp-block-column-is-layout-flow\" style=\"flex-basis:33.33%\">\n<h5 class=\"wp-block-heading modelle\"><strong>DESVANTAGENS<\/strong><\/h5>\n<\/div>\n\n\n\n<div class=\"wp-block-column is-layout-flow wp-block-column-is-layout-flow\" style=\"flex-basis:66.66%\">\n<div style=\"height:8px\" aria-hidden=\"true\" class=\"wp-block-spacer\"><\/div>\n\n\n<ul class=\"wp-block-ub-styled-list ub_styled_list\" id=\"ub_styled_list-4358a819-08dc-4261-955e-0d5fec9bc5a9\"><div class=\"ub-block-list__layout\">\n<li class=\"ub_styled_list_item\" style=\"\" id=\"ub-styled-list-item-336ef080-16c1-4564-8af1-f0a1890e9787\">Muito barulhento<\/li>\n\n<li class=\"ub_styled_list_item\" style=\"\" id=\"ub-styled-list-item-17c14681-5001-461d-80aa-d4b659b4a9cd\">Necessita de auscultadores ou de um est\u00fadio com duas salas<\/li>\n<\/div><\/ul><\/div>\n<\/div>\n\n\n\n<p>Este m\u00e9todo deve ser sempre utilizado se tiver um bom amplificador cujo som lhe agrade, porque esta \u00e9 a \u00fanica forma de gravar o som \"real\". Mesmo que o pr\u00f3prio amplificador tenha uma sa\u00edda DI, soa sempre melhor e mais natural se gravar o baixo com microfones em frente da caixa em vez de usar a sa\u00edda DI do amplificador.<\/p>\n\n\n\n<figure class=\"wp-block-image size-large\"><a href=\"https:\/\/woodandfirestudio.com\/wp-content\/uploads\/2023\/10\/20231011_165850.jpg\"><img loading=\"lazy\" decoding=\"async\" width=\"1024\" height=\"706\" src=\"https:\/\/woodandfirestudio.com\/wp-content\/uploads\/2023\/10\/20231011_165850-1024x706.jpg\" alt=\"Com um \u00fanico microfone, os graves podem ser gravados muito bem\" class=\"wp-image-16912\" title=\"\" srcset=\"https:\/\/woodandfirestudio.com\/wp-content\/uploads\/2023\/10\/20231011_165850-1024x706.jpg 1024w, https:\/\/woodandfirestudio.com\/wp-content\/uploads\/2023\/10\/20231011_165850-300x207.jpg 300w, https:\/\/woodandfirestudio.com\/wp-content\/uploads\/2023\/10\/20231011_165850-768x529.jpg 768w, https:\/\/woodandfirestudio.com\/wp-content\/uploads\/2023\/10\/20231011_165850-18x12.jpg 18w, https:\/\/woodandfirestudio.com\/wp-content\/uploads\/2023\/10\/20231011_165850-1000x689.jpg 1000w, https:\/\/woodandfirestudio.com\/wp-content\/uploads\/2023\/10\/20231011_165850.jpg 1500w\" sizes=\"(max-width: 1024px) 100vw, 1024px\" \/><\/a><figcaption class=\"wp-element-caption\"><em>Com um \u00fanico microfone, os graves podem ser gravados muito bem (AKG D112)<\/em><\/figcaption><\/figure>\n\n\n\n<p>No entanto, \u00e9 aconselh\u00e1vel gravar tamb\u00e9m a sa\u00edda DI para ter mais op\u00e7\u00f5es para a colora\u00e7\u00e3o do som mais tarde. A sa\u00edda DI normalmente d\u00e1 um som seco com muitos m\u00e9dios, enquanto um amplificador pode ir muito mais fundo. Dependendo do som que pretende obter mais tarde, pode misturar mais do sinal DI ou mais do sinal do microfone.<\/p>\n\n\n\n<figure class=\"wp-block-image size-large\"><a href=\"https:\/\/woodandfirestudio.com\/wp-content\/uploads\/2023\/10\/bass2-2.jpg\"><img loading=\"lazy\" decoding=\"async\" width=\"1024\" height=\"603\" src=\"https:\/\/woodandfirestudio.com\/wp-content\/uploads\/2023\/10\/bass2-2-1024x603.jpg\" alt=\"No entanto, recomendo sempre a grava\u00e7\u00e3o do sinal DI tamb\u00e9m, para poder combinar ambos os sinais mais tarde durante a mistura e assim ter mais liberdade na conce\u00e7\u00e3o do som.\" class=\"wp-image-16880\" title=\"\" srcset=\"https:\/\/woodandfirestudio.com\/wp-content\/uploads\/2023\/10\/bass2-2-1024x603.jpg 1024w, https:\/\/woodandfirestudio.com\/wp-content\/uploads\/2023\/10\/bass2-2-300x177.jpg 300w, https:\/\/woodandfirestudio.com\/wp-content\/uploads\/2023\/10\/bass2-2-768x453.jpg 768w, https:\/\/woodandfirestudio.com\/wp-content\/uploads\/2023\/10\/bass2-2-18x12.jpg 18w, https:\/\/woodandfirestudio.com\/wp-content\/uploads\/2023\/10\/bass2-2-1000x589.jpg 1000w, https:\/\/woodandfirestudio.com\/wp-content\/uploads\/2023\/10\/bass2-2.jpg 1500w\" sizes=\"(max-width: 1024px) 100vw, 1024px\" \/><\/a><figcaption class=\"wp-element-caption\"><em>Recomendo sempre que se grave tamb\u00e9m o sinal DI, para que se possa combinar ambos os sinais mais tarde durante a mistura e assim ter mais liberdade na conce\u00e7\u00e3o do som.<\/em><\/figcaption><\/figure>\n\n\n\n<p>Para o fazer, ligue o baixo el\u00e9trico \u00e0 caixa DI, depois ligue a caixa DI via XLR \u00e0 interface (para o sinal DI) e depois ligue a caixa DI atrav\u00e9s da sa\u00edda \"Direct Out\" ao amplificador de baixo. Em seguida, coloca um microfone em frente ao amplificador e tem dois canais para o baixo, um da caixa DI e outro do amplificador com microfone.<\/p>\n\n\n\n<p>Se n\u00e3o estiver dispon\u00edvel uma caixa DI separada, a sa\u00edda DI do amplificador pode ser ligada \u00e0 interface atrav\u00e9s de XLR.<\/p>\n\n\n\n<h4 class=\"wp-block-heading\">Qual o microfone a utilizar para a grava\u00e7\u00e3o de graves?<\/h4>\n\n\n\n<p class=\"translation-block\">Muitos microfones s\u00e3o adequados para gravar um amplificador de baixo, tanto condensadores como <a href=\"https:\/\/woodandfirestudio.com\/pt\/dynamische-mikrofone\/\" target=\"_self\">microfones din\u00e2micos<\/a>. No entanto, devem ter um diafragma grande. Pessoalmente, utilizo sempre um microfone din\u00e2mico e um microfone de condensador para os poder combinar mais tarde.<\/p>\n\n\n\n<p>Os seguintes microfones din\u00e2micos s\u00e3o os mais adequados para gravar o baixo: <a href=\"https:\/\/thmn.to\/thoprod\/362012?offid=1&amp;affid=1571\" target=\"_blank\" rel=\"noreferrer noopener\">AKG D 112<\/a>, <a href=\"https:\/\/thmn.to\/thoprod\/105760?offid=1&amp;affid=1571\" target=\"_blank\" rel=\"noreferrer noopener\">Shure Beta 52A<\/a>, <a href=\"https:\/\/thmn.to\/thoprod\/256092?offid=1&amp;affid=1571\" target=\"_blank\" rel=\"noreferrer noopener\">Shure Beta 91A<\/a>, <a href=\"https:\/\/thmn.to\/thoprod\/506709?offid=1&amp;affid=1571\" target=\"_blank\" rel=\"noreferrer noopener\">Electrovoice RE-20<\/a>, <a href=\"https:\/\/thmn.to\/thoprod\/128331?offid=1&amp;affid=1571\" target=\"_blank\" rel=\"noreferrer noopener\">Sennheiser MD-421<\/a> ou <a href=\"https:\/\/thmn.to\/thoprod\/129929?offid=1&amp;affid=1571\" target=\"_blank\" rel=\"noopener\">Shure SM7B<\/a>. <\/p>\n\n\n\n<p class=\"translation-block\">Os microfones de condensador mais comuns para este fim s\u00e3o o <a href=\"https:\/\/thmn.to\/thoprod\/105825?offid=1&amp;affid=1571\" target=\"_blank\" rel=\"noreferrer noopener\">Neumann U87<\/a>, o <a href=\"https:\/\/thmn.to\/thoprod\/327073?offid=1&amp;affid=1571\" target=\"_blank\" rel=\"noopener\">Rode NT1<\/a> ou o <a href=\"https:\/\/thmn.to\/thoprod\/240605?offid=1&amp;affid=1571\" target=\"_blank\" rel=\"noopener\">AKG C414<\/a>, mas qualquer microfone de condensador com um diafragma grande pode ser utilizado.<\/p>\n\n\n\n<p>Os microfones din\u00e2micos proporcionam um som um pouco mais \"percussivo\" (o ataque \u00e9 claramente aud\u00edvel), enquanto os microfones de condensador proporcionam um som muito profundo e \"boom\". A combina\u00e7\u00e3o de ambos os sinais e o sinal DI oferece possibilidades quase infinitas para o design de som.<\/p>\n\n\n\n<figure class=\"wp-block-image size-large is-resized\"><a href=\"https:\/\/woodandfirestudio.com\/wp-content\/uploads\/2023\/10\/20231011_170428-2.jpg\"><img loading=\"lazy\" decoding=\"async\" width=\"1024\" height=\"768\" src=\"https:\/\/woodandfirestudio.com\/wp-content\/uploads\/2023\/10\/20231011_170428-2-1024x768.jpg\" alt=\"O AKG D112 e o Neumann U87 s\u00e3o bem adequados para grava\u00e7\u00f5es de baixo.\" class=\"wp-image-16913\" style=\"width:840px;height:630px\" title=\"\" srcset=\"https:\/\/woodandfirestudio.com\/wp-content\/uploads\/2023\/10\/20231011_170428-2-1024x768.jpg 1024w, https:\/\/woodandfirestudio.com\/wp-content\/uploads\/2023\/10\/20231011_170428-2-300x225.jpg 300w, https:\/\/woodandfirestudio.com\/wp-content\/uploads\/2023\/10\/20231011_170428-2-768x576.jpg 768w, https:\/\/woodandfirestudio.com\/wp-content\/uploads\/2023\/10\/20231011_170428-2-16x12.jpg 16w, https:\/\/woodandfirestudio.com\/wp-content\/uploads\/2023\/10\/20231011_170428-2-1000x750.jpg 1000w, https:\/\/woodandfirestudio.com\/wp-content\/uploads\/2023\/10\/20231011_170428-2.jpg 1500w\" sizes=\"(max-width: 1024px) 100vw, 1024px\" \/><\/a><figcaption class=\"wp-element-caption\"><em>O AKG D112 e o Neumann U87 s\u00e3o \u00f3ptimos para os graves<\/em><\/figcaption><\/figure>\n\n\n\n<p>Pessoalmente, utilizo sempre o AKG D112 + Neumann U87Ai para gravar o meu amplificador de baixo. E se eu quiser que o baixo apare\u00e7a especialmente bem na mistura e obtenha um pouco mais de m\u00e9dios e agudos do que o normal, ent\u00e3o adiciono um Shure SM57.<\/p>\n\n\n\n<p>Na verdade, este microfone n\u00e3o \u00e9 adequado para grava\u00e7\u00f5es de graves, mas \u00e9 um \u00f3timo \"microfone adicional\" porque tem um ligeiro aumento dos m\u00e9dios. Isto d\u00e1 aos graves mais assertividade. No entanto, eu nunca utilizaria este microfone sozinho para grava\u00e7\u00f5es de baixo, porque o som seria demasiado fino.<\/p>\n\n\n\n<figure class=\"wp-block-image size-large\"><a href=\"https:\/\/woodandfirestudio.com\/wp-content\/uploads\/2023\/10\/20231011_170900.jpg\"><img loading=\"lazy\" decoding=\"async\" width=\"1024\" height=\"768\" src=\"https:\/\/woodandfirestudio.com\/wp-content\/uploads\/2023\/10\/20231011_170900-1024x768.jpg\" alt=\"O Shure SM57 \u00e9 um bom microfone auxiliar para grava\u00e7\u00e3o de baixo\" class=\"wp-image-16914\" title=\"\" srcset=\"https:\/\/woodandfirestudio.com\/wp-content\/uploads\/2023\/10\/20231011_170900-1024x768.jpg 1024w, https:\/\/woodandfirestudio.com\/wp-content\/uploads\/2023\/10\/20231011_170900-300x225.jpg 300w, https:\/\/woodandfirestudio.com\/wp-content\/uploads\/2023\/10\/20231011_170900-768x576.jpg 768w, https:\/\/woodandfirestudio.com\/wp-content\/uploads\/2023\/10\/20231011_170900-16x12.jpg 16w, https:\/\/woodandfirestudio.com\/wp-content\/uploads\/2023\/10\/20231011_170900-1000x750.jpg 1000w, https:\/\/woodandfirestudio.com\/wp-content\/uploads\/2023\/10\/20231011_170900.jpg 1500w\" sizes=\"(max-width: 1024px) 100vw, 1024px\" \/><\/a><figcaption class=\"wp-element-caption\"><em>O Shure SM57 \u00e9 um bom microfone auxiliar para grava\u00e7\u00e3o de baixo<\/em><\/figcaption><\/figure>\n\n\n\n<h4 class=\"wp-block-heading\">A posi\u00e7\u00e3o do microfone \u00e9 muito importante<\/h4>\n\n\n\n<p>O posicionamento do microfone desempenha um papel importante: quanto mais pr\u00f3ximo o microfone estiver do altifalante, mais a gama de graves \u00e9 real\u00e7ada pelo efeito de proximidade. No caso dos baixos el\u00e9ctricos, isto pode ser muito vantajoso se o objetivo for um som particularmente profundo. Se, por outro lado, se pretender um som mais brilhante e natural, pode ser utilizado um microfone omnidirecional (com uma boa ac\u00fastica ambiente) ou o microfone cardioide pode ser afastado um pouco.<\/p>\n\n\n<style>.elementor-16916 .elementor-element.elementor-element-7c3ff8a{--display:flex;--background-transition:0.3s;--padding-top:0px;--padding-bottom:0px;--padding-left:0px;--padding-right:0px;}.elementor-widget-gallery .elementor-gallery-item__title{font-family:var( --e-global-typography-primary-font-family ), Sans-serif;font-weight:var( --e-global-typography-primary-font-weight );}.elementor-widget-gallery .elementor-gallery-item__description{font-family:var( --e-global-typography-text-font-family ), Sans-serif;font-weight:var( --e-global-typography-text-font-weight );}.elementor-widget-gallery{--galleries-title-color-normal:var( --e-global-color-primary );--galleries-title-color-hover:var( --e-global-color-secondary );--galleries-pointer-bg-color-hover:var( --e-global-color-accent );--gallery-title-color-active:var( --e-global-color-secondary );--galleries-pointer-bg-color-active:var( --e-global-color-accent );}.elementor-widget-gallery .elementor-gallery-title{font-family:var( --e-global-typography-primary-font-family ), Sans-serif;font-weight:var( --e-global-typography-primary-font-weight );}.elementor-16916 .elementor-element.elementor-element-1b3aa82 .e-gallery-item:hover .elementor-gallery-item__overlay, .elementor-16916 .elementor-element.elementor-element-1b3aa82 .e-gallery-item:focus .elementor-gallery-item__overlay{background-color:rgba(0,0,0,0.5);}.elementor-16916 .elementor-element.elementor-element-1b3aa82{--image-transition-duration:800ms;--overlay-transition-duration:800ms;--content-text-align:center;--content-padding:20px;}<\/style>\t\t<div data-elementor-type=\"section\" data-elementor-id=\"16916\" class=\"elementor elementor-16916\" data-elementor-post-type=\"elementor_library\">\n\t\t\t<div class=\"elementor-element elementor-element-7c3ff8a e-con-full e-flex e-con e-parent\" data-id=\"7c3ff8a\" data-element_type=\"container\">\n\t\t\t\t<div class=\"elementor-element elementor-element-1b3aa82 elementor-widget elementor-widget-gallery\" data-id=\"1b3aa82\" data-element_type=\"widget\" data-settings=\"{&quot;gallery_layout&quot;:&quot;masonry&quot;,&quot;columns&quot;:2,&quot;columns_mobile&quot;:2,&quot;lazyload&quot;:&quot;yes&quot;,&quot;columns_tablet&quot;:2,&quot;gap&quot;:{&quot;unit&quot;:&quot;px&quot;,&quot;size&quot;:10,&quot;sizes&quot;:[]},&quot;gap_tablet&quot;:{&quot;unit&quot;:&quot;px&quot;,&quot;size&quot;:10,&quot;sizes&quot;:[]},&quot;gap_mobile&quot;:{&quot;unit&quot;:&quot;px&quot;,&quot;size&quot;:10,&quot;sizes&quot;:[]},&quot;link_to&quot;:&quot;file&quot;,&quot;overlay_background&quot;:&quot;yes&quot;}\" data-widget_type=\"gallery.default\">\n\t\t\t\t<div class=\"elementor-widget-container\">\n\t\t\t\t\t<div class=\"elementor-gallery__container\">\n\t\t\t\t\t\t\t<a class=\"e-gallery-item elementor-gallery-item\" href=\"https:\/\/woodandfirestudio.com\/wp-content\/uploads\/2023\/10\/20231011_171320.jpg\" data-elementor-open-lightbox=\"yes\" data-elementor-lightbox-slideshow=\"1b3aa82\" data-elementor-lightbox-title=\"Im Nahbereich werden die sehr tiefen Frequenzen durch den Nahbesprechungseffekt stark betont.\" data-e-action-hash=\"#elementor-action%3Aaction%3Dlightbox%26settings%3DeyJpZCI6MTY5MTgsInVybCI6Imh0dHBzOlwvXC93b29kYW5kZmlyZXN0dWRpby5jb21cL3dwLWNvbnRlbnRcL3VwbG9hZHNcLzIwMjNcLzEwXC8yMDIzMTAxMV8xNzEzMjAuanBnIiwic2xpZGVzaG93IjoiMWIzYWE4MiJ9\">\n\t\t\t\t\t<div class=\"e-gallery-image elementor-gallery-item__image\" data-thumbnail=\"https:\/\/woodandfirestudio.com\/wp-content\/uploads\/2023\/10\/20231011_171320-768x576.jpg\" data-width=\"768\" data-height=\"576\" aria-label=\"A curta dist\u00e2ncia, as frequ\u00eancias muito baixas s\u00e3o fortemente acentuadas pelo efeito de proximidade.\" role=\"img\" ><\/div>\n\t\t\t\t\t\t\t\t\t\t\t<div class=\"elementor-gallery-item__overlay\"><\/div>\n\t\t\t\t\t\t\t\t\t\t\t\t\t\t<\/a>\n\t\t\t\t\t\t\t<a class=\"e-gallery-item elementor-gallery-item\" href=\"https:\/\/woodandfirestudio.com\/wp-content\/uploads\/2023\/10\/20231011_171304.jpg\" data-elementor-open-lightbox=\"yes\" data-elementor-lightbox-slideshow=\"1b3aa82\" data-elementor-lightbox-title=\"Wenn man das Mikrofon etwas weiter weg aufstellt, klingt der Bass nat\u00fcrlicher und heller.\" data-e-action-hash=\"#elementor-action%3Aaction%3Dlightbox%26settings%3DeyJpZCI6MTY5MTcsInVybCI6Imh0dHBzOlwvXC93b29kYW5kZmlyZXN0dWRpby5jb21cL3dwLWNvbnRlbnRcL3VwbG9hZHNcLzIwMjNcLzEwXC8yMDIzMTAxMV8xNzEzMDQuanBnIiwic2xpZGVzaG93IjoiMWIzYWE4MiJ9\">\n\t\t\t\t\t<div class=\"e-gallery-image elementor-gallery-item__image\" data-thumbnail=\"https:\/\/woodandfirestudio.com\/wp-content\/uploads\/2023\/10\/20231011_171304-768x576.jpg\" data-width=\"768\" data-height=\"576\" aria-label=\"Se colocar o microfone um pouco mais afastado, os graves soam mais naturais e mais brilhantes.\" role=\"img\" ><\/div>\n\t\t\t\t\t\t\t\t\t\t\t<div class=\"elementor-gallery-item__overlay\"><\/div>\n\t\t\t\t\t\t\t\t\t\t\t\t\t\t<\/a>\n\t\t\t\t\t<\/div>\n\t\t\t<\/div>\n\t\t\t\t<\/div>\n\t\t\t\t<\/div>\n\t\t\t\t<\/div>\n\t\t\n\n\n<div style=\"height:29px\" aria-hidden=\"true\" class=\"wp-block-spacer\"><\/div>\n\n\n\n<p>Quando a c\u00e1psula \u00e9 apontada diretamente para o centro do cone do altifalante, o som \u00e9 mais brilhante do que quando \u00e9 apontada para fora do centro. A diferen\u00e7a \u00e9 pequena, mas ainda assim percet\u00edvel. Um bom ponto de partida \u00e9 entre o centro e a extremidade do cone e, a partir da\u00ed, pode ouvir e ajustar a posi\u00e7\u00e3o conforme necess\u00e1rio.<\/p>\n\n\n<style>.elementor-16922 .elementor-element.elementor-element-2725a19{--display:flex;--background-transition:0.3s;--padding-top:0px;--padding-bottom:0px;--padding-left:0px;--padding-right:0px;}.elementor-widget-gallery .elementor-gallery-item__title{font-family:var( --e-global-typography-primary-font-family ), Sans-serif;font-weight:var( --e-global-typography-primary-font-weight );}.elementor-widget-gallery .elementor-gallery-item__description{font-family:var( --e-global-typography-text-font-family ), Sans-serif;font-weight:var( --e-global-typography-text-font-weight );}.elementor-widget-gallery{--galleries-title-color-normal:var( --e-global-color-primary );--galleries-title-color-hover:var( --e-global-color-secondary );--galleries-pointer-bg-color-hover:var( --e-global-color-accent );--gallery-title-color-active:var( --e-global-color-secondary );--galleries-pointer-bg-color-active:var( --e-global-color-accent );}.elementor-widget-gallery .elementor-gallery-title{font-family:var( --e-global-typography-primary-font-family ), Sans-serif;font-weight:var( --e-global-typography-primary-font-weight );}.elementor-16922 .elementor-element.elementor-element-6147d97 .e-gallery-item:hover .elementor-gallery-item__overlay, .elementor-16922 .elementor-element.elementor-element-6147d97 .e-gallery-item:focus .elementor-gallery-item__overlay{background-color:rgba(0,0,0,0.5);}.elementor-16922 .elementor-element.elementor-element-6147d97{--image-transition-duration:800ms;--overlay-transition-duration:800ms;--content-text-align:center;--content-padding:20px;}<\/style>\t\t<div data-elementor-type=\"page\" data-elementor-id=\"16922\" class=\"elementor elementor-16922\" data-elementor-post-type=\"elementor_library\">\n\t\t\t\t<div class=\"elementor-element elementor-element-2725a19 e-con-full e-flex e-con e-parent\" data-id=\"2725a19\" data-element_type=\"container\">\n\t\t\t\t<div class=\"elementor-element elementor-element-6147d97 elementor-widget elementor-widget-gallery\" data-id=\"6147d97\" data-element_type=\"widget\" data-settings=\"{&quot;gallery_layout&quot;:&quot;masonry&quot;,&quot;columns&quot;:3,&quot;columns_mobile&quot;:2,&quot;lazyload&quot;:&quot;yes&quot;,&quot;columns_tablet&quot;:2,&quot;gap&quot;:{&quot;unit&quot;:&quot;px&quot;,&quot;size&quot;:10,&quot;sizes&quot;:[]},&quot;gap_tablet&quot;:{&quot;unit&quot;:&quot;px&quot;,&quot;size&quot;:10,&quot;sizes&quot;:[]},&quot;gap_mobile&quot;:{&quot;unit&quot;:&quot;px&quot;,&quot;size&quot;:10,&quot;sizes&quot;:[]},&quot;link_to&quot;:&quot;file&quot;,&quot;overlay_background&quot;:&quot;yes&quot;}\" data-widget_type=\"gallery.default\">\n\t\t\t\t<div class=\"elementor-widget-container\">\n\t\t\t\t\t<div class=\"elementor-gallery__container\">\n\t\t\t\t\t\t\t<a class=\"e-gallery-item elementor-gallery-item\" href=\"https:\/\/woodandfirestudio.com\/wp-content\/uploads\/2023\/10\/20231011_171534.jpg\" data-elementor-open-lightbox=\"yes\" data-elementor-lightbox-slideshow=\"6147d97\" data-elementor-lightbox-title=\"Hier ist das Mikrofon direkt auf die Mitte der Lautsprechermembran gerichtet - entsprechend ist der Klang am hellsten\" data-e-action-hash=\"#elementor-action%3Aaction%3Dlightbox%26settings%3DeyJpZCI6MTY5MjMsInVybCI6Imh0dHBzOlwvXC93b29kYW5kZmlyZXN0dWRpby5jb21cL3dwLWNvbnRlbnRcL3VwbG9hZHNcLzIwMjNcLzEwXC8yMDIzMTAxMV8xNzE1MzQuanBnIiwic2xpZGVzaG93IjoiNjE0N2Q5NyJ9\">\n\t\t\t\t\t<div class=\"e-gallery-image elementor-gallery-item__image\" data-thumbnail=\"https:\/\/woodandfirestudio.com\/wp-content\/uploads\/2023\/10\/20231011_171534-768x576.jpg\" data-width=\"768\" data-height=\"576\" aria-label=\"Aqui o microfone est\u00e1 apontado diretamente para o centro do cone do altifalante - consequentemente, o som \u00e9 mais brilhante\" role=\"img\" ><\/div>\n\t\t\t\t\t\t\t\t\t\t\t<div class=\"elementor-gallery-item__overlay\"><\/div>\n\t\t\t\t\t\t\t\t\t\t\t\t\t\t<\/a>\n\t\t\t\t\t\t\t<a class=\"e-gallery-item elementor-gallery-item\" href=\"https:\/\/woodandfirestudio.com\/wp-content\/uploads\/2023\/10\/20231011_171603.jpg\" data-elementor-open-lightbox=\"yes\" data-elementor-lightbox-slideshow=\"6147d97\" data-elementor-lightbox-title=\"Richtet man das Mikrofon etwas au\u00dferhalb der Mitte aus, wird der Klang dunkler\" data-e-action-hash=\"#elementor-action%3Aaction%3Dlightbox%26settings%3DeyJpZCI6MTY5MjQsInVybCI6Imh0dHBzOlwvXC93b29kYW5kZmlyZXN0dWRpby5jb21cL3dwLWNvbnRlbnRcL3VwbG9hZHNcLzIwMjNcLzEwXC8yMDIzMTAxMV8xNzE2MDMuanBnIiwic2xpZGVzaG93IjoiNjE0N2Q5NyJ9\">\n\t\t\t\t\t<div class=\"e-gallery-image elementor-gallery-item__image\" data-thumbnail=\"https:\/\/woodandfirestudio.com\/wp-content\/uploads\/2023\/10\/20231011_171603-768x576.jpg\" data-width=\"768\" data-height=\"576\" aria-label=\"Se apontar o microfone ligeiramente para fora do centro, o som torna-se mais escuro.\" role=\"img\" ><\/div>\n\t\t\t\t\t\t\t\t\t\t\t<div class=\"elementor-gallery-item__overlay\"><\/div>\n\t\t\t\t\t\t\t\t\t\t\t\t\t\t<\/a>\n\t\t\t\t\t\t\t<a class=\"e-gallery-item elementor-gallery-item\" href=\"https:\/\/woodandfirestudio.com\/wp-content\/uploads\/2023\/10\/20231011_171730.jpg\" data-elementor-open-lightbox=\"yes\" data-elementor-lightbox-slideshow=\"6147d97\" data-elementor-lightbox-title=\"Hier ist das Mikrofon auf den Rand der Membran gerichtet - entsprechend ist der Klang sehr dunkel und schon etwas dumpf. Kann f\u00fcr bestimmte Aufnahmen im Vintage-Stil gut geeignet sein.\" data-e-action-hash=\"#elementor-action%3Aaction%3Dlightbox%26settings%3DeyJpZCI6MTY5MjUsInVybCI6Imh0dHBzOlwvXC93b29kYW5kZmlyZXN0dWRpby5jb21cL3dwLWNvbnRlbnRcL3VwbG9hZHNcLzIwMjNcLzEwXC8yMDIzMTAxMV8xNzE3MzAuanBnIiwic2xpZGVzaG93IjoiNjE0N2Q5NyJ9\">\n\t\t\t\t\t<div class=\"e-gallery-image elementor-gallery-item__image\" data-thumbnail=\"https:\/\/woodandfirestudio.com\/wp-content\/uploads\/2023\/10\/20231011_171730-768x576.jpg\" data-width=\"768\" data-height=\"576\" aria-label=\"Aqui, o microfone est\u00e1 apontado para a extremidade do diafragma - consequentemente, o som \u00e9 muito escuro e j\u00e1 um pouco abafado. Pode ser adequado para certas grava\u00e7\u00f5es de estilo vintage.\" role=\"img\" ><\/div>\n\t\t\t\t\t\t\t\t\t\t\t<div class=\"elementor-gallery-item__overlay\"><\/div>\n\t\t\t\t\t\t\t\t\t\t\t\t\t\t<\/a>\n\t\t\t\t\t<\/div>\n\t\t\t<\/div>\n\t\t\t\t<\/div>\n\t\t\t\t<\/div>\n\t\t\t\t<\/div>\n\t\t\n\n\n<h4 class=\"wp-block-heading\">Que cabines devem ser utilizadas para a grava\u00e7\u00e3o de graves?<\/h4>\n\n\n\n<p>Se tiver v\u00e1rias cabinas \u00e0 sua disposi\u00e7\u00e3o, aplica-se o mesmo que com os microfones: experimente-as e ou\u00e7a o que se adequa melhor \u00e0 m\u00fasica. As cabinas com altifalantes grandes (1\u00d715\") produzem um som mais profundo do que as cabinas com altifalantes mais pequenos (12\" ou 10\") - mas estas cabinas t\u00eam normalmente m\u00e9dios mais fortes.<\/p>\n\n\n\n<p>Tamb\u00e9m pode gravar v\u00e1rias cabinas ao mesmo tempo, se tiver microfones suficientes - assim tem ainda mais possibilidades de moldar o som ao misturar, porque pode combinar o som das diferentes cabinas.<\/p>\n\n\n\n<figure class=\"wp-block-image size-large\"><a href=\"https:\/\/woodandfirestudio.com\/wp-content\/uploads\/2023\/10\/20231011_172301.jpg\"><img loading=\"lazy\" decoding=\"async\" width=\"1024\" height=\"768\" src=\"https:\/\/woodandfirestudio.com\/wp-content\/uploads\/2023\/10\/20231011_172301-1024x768.jpg\" alt=\"Ao combinar diferentes microfones com diferentes arm\u00e1rios, existem possibilidades quase ilimitadas de design de som.\" class=\"wp-image-16931\" title=\"\" srcset=\"https:\/\/woodandfirestudio.com\/wp-content\/uploads\/2023\/10\/20231011_172301-1024x768.jpg 1024w, https:\/\/woodandfirestudio.com\/wp-content\/uploads\/2023\/10\/20231011_172301-300x225.jpg 300w, https:\/\/woodandfirestudio.com\/wp-content\/uploads\/2023\/10\/20231011_172301-768x576.jpg 768w, https:\/\/woodandfirestudio.com\/wp-content\/uploads\/2023\/10\/20231011_172301-16x12.jpg 16w, https:\/\/woodandfirestudio.com\/wp-content\/uploads\/2023\/10\/20231011_172301-1000x750.jpg 1000w, https:\/\/woodandfirestudio.com\/wp-content\/uploads\/2023\/10\/20231011_172301.jpg 1500w\" sizes=\"(max-width: 1024px) 100vw, 1024px\" \/><\/a><figcaption class=\"wp-element-caption\"><em>Ao combinar diferentes microfones com diferentes arm\u00e1rios, existem possibilidades quase ilimitadas de design de som<\/em><\/figcaption><\/figure>\n\n\n\n<p>Como exemplo: Costumo usar o AKG D112 e o Neumann U87 para a minha cabina de 1\u00d715\" (ambos os microfones produzem graves fortes), mas o Shure SM57 para a cabina de 4\u00d710\" (este capta mais as frequ\u00eancias m\u00e9dias). Isso d\u00e1 ao canal SM57 ainda mais agudos, que eu posso adicionar \u00e0 mixagem conforme necess\u00e1rio.<\/p>\n\n\n\n<p>Em \u00faltima an\u00e1lise, a escolha dos arm\u00e1rios \u00e9 completamente livre e o melhor \u00e9 experimentar todas as combina\u00e7\u00f5es dispon\u00edveis com diferentes microfones, a fim de explorar amplamente as caracter\u00edsticas sonoras do equipamento. Porque n\u00e3o existe uma combina\u00e7\u00e3o melhor ou pior, mas sim uma que \u00e9 melhor ou pior para uma determinada m\u00fasica. O que soa bem para uma m\u00fasica pode n\u00e3o ser adequado para outra.<\/p>\n\n\n\n<h3 class=\"wp-block-heading\">M\u00e9todo 3: Ligar o baixo el\u00e9trico diretamente \u00e0 interface de \u00e1udio (op\u00e7\u00e3o barata)<\/h3>\n\n\n\n<p class=\"translation-block\">Esta \u00faltima op\u00e7\u00e3o \u00e9 tamb\u00e9m a mais econ\u00f3mica, uma vez que apenas \u00e9 necess\u00e1rio um <a href=\"https:\/\/woodandfirestudio.com\/pt\/die-besten-audio-interfaces\/\" target=\"_self\">interface de \u00e1udio<\/a>. Todas as interfaces \u00e1udio modernas suportam agora n\u00edveis de instrumento, por isso n\u00e3o \u00e9 essencial usar uma caixa DI - o baixo el\u00e9trico pode ser ligado diretamente \u00e0 interface atrav\u00e9s de um cabo jack.<\/p>\n\n\n\n<figure class=\"wp-block-image size-large\"><a href=\"https:\/\/woodandfirestudio.com\/wp-content\/uploads\/2023\/10\/bass3.jpg\"><img loading=\"lazy\" decoding=\"async\" width=\"1024\" height=\"603\" src=\"https:\/\/woodandfirestudio.com\/wp-content\/uploads\/2023\/10\/bass3-1024x603.jpg\" alt=\"O baixo el\u00e9trico tamb\u00e9m pode ser ligado diretamente \u00e0 interface de \u00e1udio atrav\u00e9s de um cabo jack\" class=\"wp-image-16882\" title=\"\" srcset=\"https:\/\/woodandfirestudio.com\/wp-content\/uploads\/2023\/10\/bass3-1024x603.jpg 1024w, https:\/\/woodandfirestudio.com\/wp-content\/uploads\/2023\/10\/bass3-300x177.jpg 300w, https:\/\/woodandfirestudio.com\/wp-content\/uploads\/2023\/10\/bass3-768x453.jpg 768w, https:\/\/woodandfirestudio.com\/wp-content\/uploads\/2023\/10\/bass3-18x12.jpg 18w, https:\/\/woodandfirestudio.com\/wp-content\/uploads\/2023\/10\/bass3-1000x589.jpg 1000w, https:\/\/woodandfirestudio.com\/wp-content\/uploads\/2023\/10\/bass3.jpg 1500w\" sizes=\"(max-width: 1024px) 100vw, 1024px\" \/><\/a><figcaption class=\"wp-element-caption\"><em>O baixo el\u00e9trico tamb\u00e9m pode ser ligado diretamente \u00e0 interface de \u00e1udio atrav\u00e9s de um cabo jack<\/em><\/figcaption><\/figure>\n\n\n\n<div class=\"wp-block-columns is-layout-flex wp-container-core-columns-is-layout-9d6595d7 wp-block-columns-is-layout-flex\">\n<div class=\"wp-block-column is-layout-flow wp-block-column-is-layout-flow\" style=\"flex-basis:33.33%\">\n<h5 class=\"wp-block-heading technischedaten\"><strong>O QUE \u00c9 NECESS\u00c1RIO PARA ISSO<\/strong><\/h5>\n<\/div>\n\n\n\n<div class=\"wp-block-column brauchstcolumn is-layout-flow wp-block-column-is-layout-flow\" style=\"flex-basis:66.66%\">\n<div style=\"height:8px\" aria-hidden=\"true\" class=\"wp-block-spacer\"><\/div>\n\n\n\n<ul class=\"wp-block-list\">\n<li>Baixo el\u00e9ctrico<\/li>\n\n\n\n<li>interface \u00e1udio<\/li>\n<\/ul>\n<\/div>\n<\/div>\n\n\n\n<div class=\"wp-block-columns modelleblock is-layout-flex wp-container-core-columns-is-layout-9d6595d7 wp-block-columns-is-layout-flex\">\n<div class=\"wp-block-column is-layout-flow wp-block-column-is-layout-flow\" style=\"flex-basis:33.33%\">\n<h5 class=\"wp-block-heading modelle\"><strong>VANTAGENS<\/strong><\/h5>\n<\/div>\n\n\n\n<div class=\"wp-block-column is-layout-flow wp-block-column-is-layout-flow\" style=\"flex-basis:66.66%\">\n<div style=\"height:8px\" aria-hidden=\"true\" class=\"wp-block-spacer\"><\/div>\n\n\n<ul class=\"wp-block-ub-styled-list ub_styled_list\" id=\"ub_styled_list-36b659bd-69f8-4cb4-afdc-6daa6a44dd3d\"><div class=\"ub-block-list__layout\">\n<li class=\"ub_styled_list_item\" style=\"\" id=\"ub-styled-list-item-64671759-3473-480b-9afc-2d9f03985032\">M\u00e9todo muito simples e econ\u00f3mico<\/li>\n\n<li class=\"ub_styled_list_item\" style=\"\" id=\"ub-styled-list-item-20d966b0-9526-4fab-a8b2-0ccdcb40193e\">Sem feedback, sem necessidade de auscultadores<\/li>\n<\/div><\/ul><\/div>\n<\/div>\n\n\n\n<div class=\"wp-block-columns modelleblock is-layout-flex wp-container-core-columns-is-layout-9d6595d7 wp-block-columns-is-layout-flex\">\n<div class=\"wp-block-column is-layout-flow wp-block-column-is-layout-flow\" style=\"flex-basis:33.33%\">\n<h5 class=\"wp-block-heading modelle\"><strong>DESVANTAGENS<\/strong><\/h5>\n<\/div>\n\n\n\n<div class=\"wp-block-column is-layout-flow wp-block-column-is-layout-flow\" style=\"flex-basis:66.66%\">\n<div style=\"height:8px\" aria-hidden=\"true\" class=\"wp-block-spacer\"><\/div>\n\n\n<ul class=\"wp-block-ub-styled-list ub_styled_list\" id=\"ub_styled_list-4358a819-08dc-4261-955e-0d5fec9bc5a9\"><div class=\"ub-block-list__layout\">\n<li class=\"ub_styled_list_item\" style=\"\" id=\"ub-styled-list-item-336ef080-16c1-4564-8af1-f0a1890e9787\">A qualidade do som n\u00e3o \u00e9 a melhor (dependendo da interface \u00e1udio)<\/li>\n<\/div><\/ul><\/div>\n<\/div>\n\n\n\n<p>Por vezes, \u00e9 necess\u00e1rio ajustar o n\u00edvel de entrada do instrumento atrav\u00e9s de um controlo na interface - muitas vezes o controlo est\u00e1 identificado como \"INST\" ou \"HI-Z\". O processo \u00e9 ent\u00e3o igual ao de uma caixa DI: O baixo \u00e9 gravado a seco e depois enviado atrav\u00e9s de uma simula\u00e7\u00e3o de amplificador na DAW para refinar o som.<\/p>\n\n\n\n<p>O som n\u00e3o \u00e9 normalmente t\u00e3o bom como o de uma boa caixa DI, porque as caixas DI foram desenvolvidas apenas para este fim, enquanto os pr\u00e9-amplificadores das interfaces de \u00e1udio foram concebidos para microfones. No entanto, dependendo da mistura, a diferen\u00e7a n\u00e3o \u00e9 assim t\u00e3o grande - eu pr\u00f3prio j\u00e1 fiz grava\u00e7\u00f5es bastante boas em casa com a minha pequena Focusrite 2i2 quando n\u00e3o me apetecia ir para o est\u00fadio.<\/p>\n\n\n\n<figure class=\"wp-block-image size-large\"><a href=\"https:\/\/woodandfirestudio.com\/wp-content\/uploads\/2023\/10\/20231011_173603.jpg\"><img loading=\"lazy\" decoding=\"async\" width=\"1024\" height=\"768\" src=\"https:\/\/woodandfirestudio.com\/wp-content\/uploads\/2023\/10\/20231011_173603-1024x768.jpg\" alt=\"O meu Fender Jazz Bass, ligado diretamente \u00e0 interface de \u00e1udio\" class=\"wp-image-16932\" title=\"\" srcset=\"https:\/\/woodandfirestudio.com\/wp-content\/uploads\/2023\/10\/20231011_173603-1024x768.jpg 1024w, https:\/\/woodandfirestudio.com\/wp-content\/uploads\/2023\/10\/20231011_173603-300x225.jpg 300w, https:\/\/woodandfirestudio.com\/wp-content\/uploads\/2023\/10\/20231011_173603-768x576.jpg 768w, https:\/\/woodandfirestudio.com\/wp-content\/uploads\/2023\/10\/20231011_173603-16x12.jpg 16w, https:\/\/woodandfirestudio.com\/wp-content\/uploads\/2023\/10\/20231011_173603-1000x750.jpg 1000w, https:\/\/woodandfirestudio.com\/wp-content\/uploads\/2023\/10\/20231011_173603.jpg 1500w\" sizes=\"(max-width: 1024px) 100vw, 1024px\" \/><\/a><figcaption class=\"wp-element-caption\"><em>O meu Fender Jazz Bass, ligado diretamente \u00e0 interface de \u00e1udio<\/em><\/figcaption><\/figure>\n\n\n\n<h3 class=\"wp-block-heading\">N\u00edvel correto<\/h3>\n\n\n\n<p class=\"translation-block\">Assim que tiver a sua configura\u00e7\u00e3o de grava\u00e7\u00e3o, est\u00e1 pronto para come\u00e7ar. Se estiver a trabalhar com um DAW moderno, estar\u00e1 a trabalhar com uma <a href=\"https:\/\/woodandfirestudio.com\/pt\/sample-rate-bit-depth\/\" target=\"_self\">profundidade de 24 bits<\/a>. Por conseguinte, n\u00e3o tem de se preocupar com um n\u00edvel demasiado baixo e com os problemas de ru\u00eddo associados.<\/p>\n\n\n\n<p class=\"translation-block\">Pode, portanto, nivelar longe do limite superior, pois s\u00f3 precisa de se certificar de que n\u00e3o excede o <a href=\"https:\/\/woodandfirestudio.com\/pt\/headroom-mastering\/\" target=\"_self\">headroom<\/a> digital. Assim, pode manter-se na gama verde e ocasionalmente entrar na gama amarela durante passagens altas. Se o baixo for demasiado baixo para si, pode simplesmente aumentar a monitoriza\u00e7\u00e3o.<\/p>\n\n\n\n<figure class=\"wp-block-image size-large\"><a href=\"https:\/\/woodandfirestudio.com\/wp-content\/uploads\/2023\/10\/guterpegel.jpg\"><img loading=\"lazy\" decoding=\"async\" width=\"1024\" height=\"762\" src=\"https:\/\/woodandfirestudio.com\/wp-content\/uploads\/2023\/10\/guterpegel-1024x762.jpg\" alt=\"Este seria um bom n\u00edvel para grava\u00e7\u00f5es de 24 bits.\" class=\"wp-image-16933\" title=\"\" srcset=\"https:\/\/woodandfirestudio.com\/wp-content\/uploads\/2023\/10\/guterpegel-1024x762.jpg 1024w, https:\/\/woodandfirestudio.com\/wp-content\/uploads\/2023\/10\/guterpegel-300x223.jpg 300w, https:\/\/woodandfirestudio.com\/wp-content\/uploads\/2023\/10\/guterpegel-768x571.jpg 768w, https:\/\/woodandfirestudio.com\/wp-content\/uploads\/2023\/10\/guterpegel-16x12.jpg 16w, https:\/\/woodandfirestudio.com\/wp-content\/uploads\/2023\/10\/guterpegel-1000x744.jpg 1000w, https:\/\/woodandfirestudio.com\/wp-content\/uploads\/2023\/10\/guterpegel.jpg 1500w\" sizes=\"(max-width: 1024px) 100vw, 1024px\" \/><\/a><figcaption class=\"wp-element-caption\"><em>Este seria um bom n\u00edvel para grava\u00e7\u00f5es de 24 bits<\/em><\/figcaption><\/figure>\n\n\n\n<h3 class=\"wp-block-heading\">Monitoriza\u00e7\u00e3o durante a grava\u00e7\u00e3o de graves<\/h3>\n\n\n\n<p class=\"translation-block\">Se tiver um poderoso <a href=\"https:\/\/woodandfirestudio.com\/pt\/desktop-pc-musikproduktion\/\" target=\"_self\">PC<\/a> ou <a href=\"https:\/\/woodandfirestudio.com\/pt\/laptops-musikproduktion\/\" target=\"_self\">laptop<\/a> que possa trabalhar com baixas lat\u00eancias e n\u00e3o falhe, tamb\u00e9m pode trabalhar diretamente com efeitos. Pessoalmente, eu coloco sempre um compressor, porque est\u00e1 sempre presente quando estou a misturar, e assim posso adaptar a minha forma de tocar ao compressor durante a grava\u00e7\u00e3o.<\/p>\n\n\n\n<p>Se isso n\u00e3o for poss\u00edvel porque o seu computador n\u00e3o \u00e9 assim t\u00e3o potente, isso tamb\u00e9m n\u00e3o \u00e9 mau - ent\u00e3o tem de definir a sua interface\/misturador de modo a ouvir o sinal de grava\u00e7\u00e3o direto e n\u00e3o o sinal do monitor do baixo e, em seguida, definir o tamanho do buffer de modo a que o seu computador n\u00e3o se avarie.<\/p>\n\n\n\n<h3 class=\"wp-block-heading\">Conclus\u00e3o<\/h3>\n\n\n\n<p>Como pode ver, hoje em dia qualquer produtor - com ou sem um bom amplificador - pode facilmente gravar o seu baixo el\u00e9trico em casa ou no est\u00fadio. Independentemente do m\u00e9todo que escolher, com um pouco de experi\u00eancia e a utiliza\u00e7\u00e3o correcta do seu equipamento, pode obter resultados absolutamente profissionais com os tr\u00eas m\u00e9todos.<\/p>\n\n\n\n<style>\n.ub_styled_list {\npadding-left:0!important;\nmargin-bottom: 10px!important;\n}\n@media only screen and (max-width: 766px) {\n.technischedaten, .modelle {\nmargin-bottom:-30px!important;\n}\n.modelleblock { margin-bottom:10px!important;}\n.modelleblock > div > p {margin-top:5px!important;}\n\n.wp-block-column > p {display:inline-block!important; margin-right:5px!important; margin-bottom:4px!important;}\n\n.wp-block-column > .wp-block-spacer {height:2px!important;}\n}\n.wp-block-column > p > a {text-decoration: underline!important;}\n.brauchstcolumn > ul {\npadding-left: 27px !important;\n}\n<\/style>\n\n\n\n<p><strong>Aqui pode encontrar instru\u00e7\u00f5es mais detalhadas para gravar no Home Studio:<\/strong><\/p>\n\n\n\n<ul class=\"wp-block-list\">\n<li><a href=\"https:\/\/woodandfirestudio.com\/pt\/schlagzeug-aufnehmen\/\">Grava\u00e7\u00e3o de bateria: Um guia passo-a-passo<\/a><\/li>\n\n\n\n<li><a href=\"https:\/\/woodandfirestudio.com\/pt\/e-gitarre-aufnehmen\/\">Grava\u00e7\u00e3o de guitarra el\u00e9ctrica: Um guia passo-a-passo<\/a><\/li>\n\n\n\n<li><a href=\"https:\/\/woodandfirestudio.com\/pt\/gesang-aufnehmen\/\">Grava\u00e7\u00e3o de vozes: Um guia passo-a-passo<\/a><\/li>\n<\/ul>\n\n\n\n<div style=\"height:8px\" aria-hidden=\"true\" class=\"wp-block-spacer\"><\/div>\n\n\n\n<p><\/p>","protected":false},"excerpt":{"rendered":"<p>A grava\u00e7\u00e3o de baixo \u00e9 um processo muito agrad\u00e1vel e n\u00e3o \u00e9 particularmente dif\u00edcil. Com ou sem amplifica\u00e7\u00e3o, ambos os m\u00e9todos podem produzir excelentes resultados atualmente. Aqui encontrar\u00e1 um guia detalhado para a grava\u00e7\u00e3o de baixo com fotos reais de uma sess\u00e3o de grava\u00e7\u00e3o no meu est\u00fadio.<\/p>","protected":false},"author":1,"featured_media":16909,"comment_status":"closed","ping_status":"closed","sticky":false,"template":"","format":"standard","meta":{"ub_ctt_via":"","footnotes":""},"categories":[65],"tags":[],"class_list":["post-16856","post","type-post","status-publish","format-standard","has-post-thumbnail","hentry","category-musikproduktion"],"featured_image_src":"https:\/\/woodandfirestudio.com\/wp-content\/uploads\/2023\/10\/20231011_172258.jpg","author_info":{"display_name":"Eloy Caudet","author_link":"https:\/\/woodandfirestudio.com\/pt\/author\/ecaudetg\/"},"_links":{"self":[{"href":"https:\/\/woodandfirestudio.com\/pt\/wp-json\/wp\/v2\/posts\/16856","targetHints":{"allow":["GET"]}}],"collection":[{"href":"https:\/\/woodandfirestudio.com\/pt\/wp-json\/wp\/v2\/posts"}],"about":[{"href":"https:\/\/woodandfirestudio.com\/pt\/wp-json\/wp\/v2\/types\/post"}],"author":[{"embeddable":true,"href":"https:\/\/woodandfirestudio.com\/pt\/wp-json\/wp\/v2\/users\/1"}],"replies":[{"embeddable":true,"href":"https:\/\/woodandfirestudio.com\/pt\/wp-json\/wp\/v2\/comments?post=16856"}],"version-history":[{"count":0,"href":"https:\/\/woodandfirestudio.com\/pt\/wp-json\/wp\/v2\/posts\/16856\/revisions"}],"wp:featuredmedia":[{"embeddable":true,"href":"https:\/\/woodandfirestudio.com\/pt\/wp-json\/wp\/v2\/media\/16909"}],"wp:attachment":[{"href":"https:\/\/woodandfirestudio.com\/pt\/wp-json\/wp\/v2\/media?parent=16856"}],"wp:term":[{"taxonomy":"category","embeddable":true,"href":"https:\/\/woodandfirestudio.com\/pt\/wp-json\/wp\/v2\/categories?post=16856"},{"taxonomy":"post_tag","embeddable":true,"href":"https:\/\/woodandfirestudio.com\/pt\/wp-json\/wp\/v2\/tags?post=16856"}],"curies":[{"name":"wp","href":"https:\/\/api.w.org\/{rel}","templated":true}]}}